{"id":7003,"date":"2024-07-22T16:28:14","date_gmt":"2024-07-22T14:28:14","guid":{"rendered":"https:\/\/groupe-capvert.com\/?p=7003"},"modified":"2024-09-03T10:30:15","modified_gmt":"2024-09-03T08:30:15","slug":"le-groupe-cap-vert-acquiert-la-societe-delagage-oxygene","status":"publish","type":"post","link":"https:\/\/groupe-capvert.com\/it\/le-groupe-cap-vert-acquiert-la-societe-delagage-oxygene\/","title":{"rendered":"Le Groupe Cap Vert, via sa filiale FIF, acquiert la soci\u00e9t\u00e9 d\u2019\u00e9lagage Oxyg\u00e8ne !"},"content":{"rendered":"\n<p>Le Groupe Cap Vert est fier d\u2019annoncer l\u2019acquisition de la soci\u00e9t\u00e9 Oxyg\u00e8ne, bas\u00e9e \u00e0 Illkirch-Graffenstaden (67400) en Alsace.<\/p>\n\n\n\n<p><\/p>\n\n\n\n<h2 class=\"wp-block-heading has-lg-font-size\">Qui est Oxyg\u00e8ne ?<\/h2>\n\n\n\n<p>Oxyg\u00e8ne est une entreprise dynamique sp\u00e9cialis\u00e9e dans l\u2019entretien des arbres et les travaux en hauteur. Compos\u00e9e d\u2019une \u00e9quipe passionn\u00e9e et exp\u00e9riment\u00e9e, leur expertise et leur engagement envers l&#8217;excellence compl\u00e8tent parfaitement notre vision et nos valeurs.<\/p>\n\n\n\n<p><\/p>\n\n\n\n<h2 class=\"wp-block-heading has-lg-font-size\">Pourquoi cette acquisition ?<\/h2>\n\n\n\n<p>Cette acquisition strat\u00e9gique renforce notre p\u00f4le Arbre et \u00e9largit notre pr\u00e9sence g\u00e9ographique. En int\u00e9grant Oxyg\u00e8ne \u00e0 notre filiale FIF, d\u00e9j\u00e0 pr\u00e9sente dans l\u2019Est de la France avec une agence \u00e0 Nancy, nous consolidons notre expertise dans la gestion du patrimoine arbor\u00e9 et augmentons notre capacit\u00e9 d\u2019intervention dans le grand Est.<\/p>\n\n\n\n<p><\/p>\n\n\n\n<h2 class=\"wp-block-heading has-lg-font-size\">Paroles des dirigeants<\/h2>\n\n\n\n<blockquote class=\"wp-block-quote has-regular-font-size is-layout-flow wp-block-quote-is-layout-flow\">\n<p><em>&#8220;Nous sommes ravis d\u2019accueillir l\u2019\u00e9quipe d\u2019Oxyg\u00e8ne au sein de FIF. Leur expertise et leur passion vont renforcer notre position dans le grand Est.&#8221; <\/em>&#8211; Fran\u00e7ois VECCHIARELLI<\/p>\n<\/blockquote>\n\n\n\n<blockquote class=\"wp-block-quote has-regular-font-size is-layout-flow wp-block-quote-is-layout-flow\">\n<p><em>&#8220;Rejoindre FIF est une opportunit\u00e9 formidable pour Oxyg\u00e8ne. Ensemble, nous allons continuer \u00e0 cro\u00eetre et \u00e0 offrir des solutions exceptionnelles \u00e0 nos clients.&#8221;<\/em> &#8211; Pascal UMECKER<\/p>\n<\/blockquote>\n\n\n\n<p><\/p>\n\n\n\n<h2 class=\"wp-block-heading has-lg-font-size\">Qu\u2019est-ce que cela signifie pour vous ?<\/h2>\n\n\n\n<p>Pour nos clients et partenaires, cette acquisition se traduit par des services \u00e9largis et une expertise accrue, tout en conservant la qualit\u00e9 et l\u2019engagement qui font la force d\u2019Oxyg\u00e8ne.<\/p>\n\n\n\n<div class=\"wp-block-columns is-layout-flex wp-container-core-columns-is-layout-9d6595d7 wp-block-columns-is-layout-flex\">\n<div class=\"wp-block-column is-layout-flow wp-block-column-is-layout-flow\" style=\"flex-basis:100%\"><\/div>\n<\/div>\n","protected":false},"excerpt":{"rendered":"<p>Le Groupe Cap Vert est fier d\u2019annoncer l\u2019acquisition de la soci\u00e9t\u00e9 Oxyg\u00e8ne, bas\u00e9e \u00e0 Illkirch-Graffenstaden (67400) en Alsace. Qui est Oxyg\u00e8ne ? Oxyg\u00e8ne est une entreprise dynamique sp\u00e9cialis\u00e9e dans l\u2019entretien des arbres et les travaux en hauteur. Compos\u00e9e d\u2019une \u00e9quipe passionn\u00e9e et exp\u00e9riment\u00e9e, leur expertise et leur engagement envers l&#8217;excellence compl\u00e8tent parfaitement notre vision et [&hellip;]<\/p>\n","protected":false},"author":2,"featured_media":7009,"comment_status":"closed","ping_status":"open","sticky":false,"template":"","format":"standard","meta":{"_acf_changed":false,"footnotes":""},"categories":[10],"tags":[],"class_list":["post-7003","post","type-post","status-publish","format-standard","has-post-thumbnail","hentry","category-actualites"],"acf":{"date_de_creation":"","date_de_rachat":"","chiffres":"","logo":false,"carte":false,"adresse":"","agences":"","contacts":"","clients":"","competences":"","img_a_la_une":false,"categorie_metier":null,"Localisation":{"lat":53.5506400000000013505996321327984333038330078125,"lng":10.00065000000000026147972675971686840057373046875,"zoom":12,"markers":[],"address":"","layers":["OpenStreetMap.Mapnik"],"center_lat":53.5506400000000013505996321327984333038330078125,"center_lng":10.00065000000000026147972675971686840057373046875},"photo_gallery":{"gallery":[[]],"galerie_1":[[],[]],"galerie_2":[[],[],[]],"galerie_3":[[],[],[],[]],"galerie_4":[[],[],[],[],[]],"galerie_5":[[],[],[],[],[],[]],"galerie_6":[[],[],[],[],[],[],[]]}},"yoast_head":"<!-- This site is optimized with the Yoast SEO plugin v26.8 - https:\/\/yoast.com\/product\/yoast-seo-wordpress\/ -->\n<title>Le Groupe Cap Vert, via sa filiale FIF, acquiert la soci\u00e9t\u00e9 d\u2019\u00e9lagage Oxyg\u00e8ne !<\/title>\n<meta name=\"description\" content=\"Le Groupe Cap Vert est fier d\u2019annoncer l\u2019acquisition de la soci\u00e9t\u00e9 Oxyg\u00e8ne, bas\u00e9e \u00e0 Illkirch-Graffenstaden (67400) en Alsace. Qui est Oxyg\u00e8ne ? Oxyg\u00e8ne est une entreprise dynamique sp\u00e9cialis\u00e9e dans l\u2019entretien des arbres et les travaux en hauteur. Compos\u00e9e d\u2019une \u00e9quipe passionn\u00e9e et exp\u00e9riment\u00e9e, leur expertise et leur engagement envers l&#039;excellence compl\u00e8tent parfaitement notre vision et&hellip;\" \/>\n<meta name=\"robots\" content=\"index, follow, max-snippet:-1, max-image-preview:large, max-video-preview:-1\" \/>\n<link rel=\"canonical\" href=\"http:\/\/Le%20Groupe%20Cap%20Vert%20est%20fier%20d\u2019annoncer%20l\u2019acquisition%20de%20la%20soci\u00e9t\u00e9%20Oxyg\u00e8ne,%20bas\u00e9e%20\u00e0%20Illkirch-Graffenstaden%20(67400)%20en%20Alsace.%20Qui%20est%20Oxyg\u00e8ne%20?%20Oxyg\u00e8ne%20est%20une%20entreprise%20dynamique%20sp\u00e9cialis\u00e9e%20dans%20l\u2019entretien%20des%20arbres%20et%20les%20travaux%20en%20hauteur.%20Compos\u00e9e%20d\u2019une%20\u00e9quipe%20passionn\u00e9e%20et%20exp\u00e9riment\u00e9e,%20leur%20expertise%20et%20leur%20engagement%20envers%20l'excellence%20compl\u00e8tent%20parfaitement%20notre%20vision%20et&hellip;\" \/>\n<meta property=\"og:locale\" content=\"it_IT\" \/>\n<meta property=\"og:type\" content=\"article\" \/>\n<meta property=\"og:title\" content=\"Le Groupe Cap Vert, via sa filiale FIF, acquiert la soci\u00e9t\u00e9 d\u2019\u00e9lagage Oxyg\u00e8ne !\" \/>\n<meta property=\"og:description\" content=\"Le Groupe Cap Vert est fier d\u2019annoncer l\u2019acquisition de la soci\u00e9t\u00e9 Oxyg\u00e8ne, bas\u00e9e \u00e0 Illkirch-Graffenstaden (67400) en Alsace. Qui est Oxyg\u00e8ne ? Oxyg\u00e8ne est une entreprise dynamique sp\u00e9cialis\u00e9e dans l\u2019entretien des arbres et les travaux en hauteur. Compos\u00e9e d\u2019une \u00e9quipe passionn\u00e9e et exp\u00e9riment\u00e9e, leur expertise et leur engagement envers l&#039;excellence compl\u00e8tent parfaitement notre vision et&hellip;\" \/>\n<meta property=\"og:url\" content=\"https:\/\/groupe-capvert.com\/it\/le-groupe-cap-vert-acquiert-la-societe-delagage-oxygene\/\" \/>\n<meta property=\"og:site_name\" content=\"Groupe Cap Vert\" \/>\n<meta property=\"article:published_time\" content=\"2024-07-22T14:28:14+00:00\" \/>\n<meta property=\"article:modified_time\" content=\"2024-09-03T08:30:15+00:00\" \/>\n<meta property=\"og:image\" content=\"https:\/\/groupe-capvert.com\/wp-content\/uploads\/2024\/07\/GRIMPE-DEPLACEMENT-5.5.jpg\" \/>\n\t<meta property=\"og:image:width\" content=\"1232\" \/>\n\t<meta property=\"og:image:height\" content=\"1632\" \/>\n\t<meta property=\"og:image:type\" content=\"image\/jpeg\" \/>\n<meta name=\"author\" content=\"s.soussi@groupe-capvert.fr\" \/>\n<meta name=\"twitter:card\" content=\"summary_large_image\" \/>\n<meta name=\"twitter:label1\" content=\"Scritto da\" \/>\n\t<meta name=\"twitter:data1\" content=\"s.soussi@groupe-capvert.fr\" \/>\n\t<meta name=\"twitter:label2\" content=\"Tempo di lettura stimato\" \/>\n\t<meta name=\"twitter:data2\" content=\"1 minuto\" \/>\n<script type=\"application\/ld+json\" class=\"yoast-schema-graph\">{\"@context\":\"https:\/\/schema.org\",\"@graph\":[{\"@type\":\"Article\",\"@id\":\"https:\/\/groupe-capvert.com\/it\/le-groupe-cap-vert-acquiert-la-societe-delagage-oxygene\/#article\",\"isPartOf\":{\"@id\":\"https:\/\/groupe-capvert.com\/it\/le-groupe-cap-vert-acquiert-la-societe-delagage-oxygene\/\"},\"author\":{\"name\":\"s.soussi@groupe-capvert.fr\",\"@id\":\"https:\/\/groupe-capvert.com\/#\/schema\/person\/fd43b3a51203a44ca8f3f552209a974a\"},\"headline\":\"Le Groupe Cap Vert, via sa filiale FIF, acquiert la soci\u00e9t\u00e9 d\u2019\u00e9lagage Oxyg\u00e8ne !\",\"datePublished\":\"2024-07-22T14:28:14+00:00\",\"dateModified\":\"2024-09-03T08:30:15+00:00\",\"mainEntityOfPage\":{\"@id\":\"https:\/\/groupe-capvert.com\/it\/le-groupe-cap-vert-acquiert-la-societe-delagage-oxygene\/\"},\"wordCount\":246,\"publisher\":{\"@id\":\"https:\/\/groupe-capvert.com\/#organization\"},\"image\":{\"@id\":\"https:\/\/groupe-capvert.com\/it\/le-groupe-cap-vert-acquiert-la-societe-delagage-oxygene\/#primaryimage\"},\"thumbnailUrl\":\"https:\/\/groupe-capvert.com\/wp-content\/uploads\/2024\/07\/GRIMPE-DEPLACEMENT-5.5.jpg\",\"articleSection\":[\"Actualit\u00e9s\"],\"inLanguage\":\"it-IT\"},{\"@type\":\"WebPage\",\"@id\":\"https:\/\/groupe-capvert.com\/it\/le-groupe-cap-vert-acquiert-la-societe-delagage-oxygene\/\",\"url\":\"https:\/\/groupe-capvert.com\/it\/le-groupe-cap-vert-acquiert-la-societe-delagage-oxygene\/\",\"name\":\"Le Groupe Cap Vert, via sa filiale FIF, acquiert la soci\u00e9t\u00e9 d\u2019\u00e9lagage Oxyg\u00e8ne ! - Groupe Cap Vert\",\"isPartOf\":{\"@id\":\"https:\/\/groupe-capvert.com\/#website\"},\"primaryImageOfPage\":{\"@id\":\"https:\/\/groupe-capvert.com\/it\/le-groupe-cap-vert-acquiert-la-societe-delagage-oxygene\/#primaryimage\"},\"image\":{\"@id\":\"https:\/\/groupe-capvert.com\/it\/le-groupe-cap-vert-acquiert-la-societe-delagage-oxygene\/#primaryimage\"},\"thumbnailUrl\":\"https:\/\/groupe-capvert.com\/wp-content\/uploads\/2024\/07\/GRIMPE-DEPLACEMENT-5.5.jpg\",\"datePublished\":\"2024-07-22T14:28:14+00:00\",\"dateModified\":\"2024-09-03T08:30:15+00:00\",\"breadcrumb\":{\"@id\":\"https:\/\/groupe-capvert.com\/it\/le-groupe-cap-vert-acquiert-la-societe-delagage-oxygene\/#breadcrumb\"},\"inLanguage\":\"it-IT\",\"potentialAction\":[{\"@type\":\"ReadAction\",\"target\":[\"https:\/\/groupe-capvert.com\/it\/le-groupe-cap-vert-acquiert-la-societe-delagage-oxygene\/\"]}]},{\"@type\":\"ImageObject\",\"inLanguage\":\"it-IT\",\"@id\":\"https:\/\/groupe-capvert.com\/it\/le-groupe-cap-vert-acquiert-la-societe-delagage-oxygene\/#primaryimage\",\"url\":\"https:\/\/groupe-capvert.com\/wp-content\/uploads\/2024\/07\/GRIMPE-DEPLACEMENT-5.5.jpg\",\"contentUrl\":\"https:\/\/groupe-capvert.com\/wp-content\/uploads\/2024\/07\/GRIMPE-DEPLACEMENT-5.5.jpg\",\"width\":1232,\"height\":1632},{\"@type\":\"BreadcrumbList\",\"@id\":\"https:\/\/groupe-capvert.com\/it\/le-groupe-cap-vert-acquiert-la-societe-delagage-oxygene\/#breadcrumb\",\"itemListElement\":[{\"@type\":\"ListItem\",\"position\":1,\"name\":\"Accueil\",\"item\":\"https:\/\/groupe-capvert.com\/\"},{\"@type\":\"ListItem\",\"position\":2,\"name\":\"Actualit\u00e9s\",\"item\":\"https:\/\/groupe-capvert.com\/category\/actualites\/\"},{\"@type\":\"ListItem\",\"position\":3,\"name\":\"Le Groupe Cap Vert, via sa filiale FIF, acquiert la soci\u00e9t\u00e9 d\u2019\u00e9lagage Oxyg\u00e8ne !\"}]},{\"@type\":\"WebSite\",\"@id\":\"https:\/\/groupe-capvert.com\/it\/#website\",\"url\":\"https:\/\/groupe-capvert.com\/it\/\",\"name\":\"Groupe Cap Vert\",\"description\":\"\",\"publisher\":{\"@id\":\"https:\/\/groupe-capvert.com\/it\/#organization\"},\"potentialAction\":[{\"@type\":\"SearchAction\",\"target\":{\"@type\":\"EntryPoint\",\"urlTemplate\":\"https:\/\/groupe-capvert.com\/it\/?s={search_term_string}\"},\"query-input\":{\"@type\":\"PropertyValueSpecification\",\"valueRequired\":true,\"valueName\":\"search_term_string\"}}],\"inLanguage\":\"it-IT\"},{\"@type\":\"Organization\",\"@id\":\"https:\/\/groupe-capvert.com\/it\/#organization\",\"name\":\"Groupe Cap Vert\",\"url\":\"https:\/\/groupe-capvert.com\/it\/\",\"logo\":{\"@type\":\"ImageObject\",\"inLanguage\":\"it-IT\",\"@id\":\"https:\/\/groupe-capvert.com\/it\/#\/schema\/logo\/image\/\",\"url\":\"https:\/\/groupe-capvert.com\/wp-content\/uploads\/2023\/10\/logo.png\",\"contentUrl\":\"https:\/\/groupe-capvert.com\/wp-content\/uploads\/2023\/10\/logo.png\",\"width\":763,\"height\":354,\"caption\":\"Groupe Cap Vert\"},\"image\":{\"@id\":\"https:\/\/groupe-capvert.com\/it\/#\/schema\/logo\/image\/\"},\"sameAs\":[\"https:\/\/www.linkedin.com\/company\/groupe-capvert\"]},{\"@type\":\"Person\",\"@id\":\"https:\/\/groupe-capvert.com\/#\/schema\/person\/fd43b3a51203a44ca8f3f552209a974a\",\"name\":\"s.soussi@groupe-capvert.fr\",\"image\":{\"@type\":\"ImageObject\",\"inLanguage\":\"it-IT\",\"@id\":\"https:\/\/groupe-capvert.com\/#\/schema\/person\/image\/\",\"url\":\"https:\/\/secure.gravatar.com\/avatar\/381160f480d7133366abbbcba78de06fe5c532f970dee6c6dd532e3edae61570?s=96&d=mm&r=g\",\"contentUrl\":\"https:\/\/secure.gravatar.com\/avatar\/381160f480d7133366abbbcba78de06fe5c532f970dee6c6dd532e3edae61570?s=96&d=mm&r=g\",\"caption\":\"s.soussi@groupe-capvert.fr\"},\"url\":\"https:\/\/groupe-capvert.com\/it\/author\/s-soussigroupe-capvert-fr\/\"}]}<\/script>\n<!-- \/ Yoast SEO plugin. -->","yoast_head_json":{"title":"Le Groupe Cap Vert, via sa filiale FIF, acquiert la soci\u00e9t\u00e9 d\u2019\u00e9lagage Oxyg\u00e8ne !","description":"Le Groupe Cap Vert est fier d\u2019annoncer l\u2019acquisition de la soci\u00e9t\u00e9 Oxyg\u00e8ne, bas\u00e9e \u00e0 Illkirch-Graffenstaden (67400) en Alsace. Qui est Oxyg\u00e8ne ? Oxyg\u00e8ne est une entreprise dynamique sp\u00e9cialis\u00e9e dans l\u2019entretien des arbres et les travaux en hauteur. Compos\u00e9e d\u2019une \u00e9quipe passionn\u00e9e et exp\u00e9riment\u00e9e, leur expertise et leur engagement envers l'excellence compl\u00e8tent parfaitement notre vision et&hellip;","robots":{"index":"index","follow":"follow","max-snippet":"max-snippet:-1","max-image-preview":"max-image-preview:large","max-video-preview":"max-video-preview:-1"},"canonical":"Le Groupe Cap Vert est fier d\u2019annoncer l\u2019acquisition de la soci\u00e9t\u00e9 Oxyg\u00e8ne, bas\u00e9e \u00e0 Illkirch-Graffenstaden (67400) en Alsace. Qui est Oxyg\u00e8ne ? Oxyg\u00e8ne est une entreprise dynamique sp\u00e9cialis\u00e9e dans l\u2019entretien des arbres et les travaux en hauteur. Compos\u00e9e d\u2019une \u00e9quipe passionn\u00e9e et exp\u00e9riment\u00e9e, leur expertise et leur engagement envers l'excellence compl\u00e8tent parfaitement notre vision et&hellip;","og_locale":"it_IT","og_type":"article","og_title":"Le Groupe Cap Vert, via sa filiale FIF, acquiert la soci\u00e9t\u00e9 d\u2019\u00e9lagage Oxyg\u00e8ne !","og_description":"Le Groupe Cap Vert est fier d\u2019annoncer l\u2019acquisition de la soci\u00e9t\u00e9 Oxyg\u00e8ne, bas\u00e9e \u00e0 Illkirch-Graffenstaden (67400) en Alsace. Qui est Oxyg\u00e8ne ? Oxyg\u00e8ne est une entreprise dynamique sp\u00e9cialis\u00e9e dans l\u2019entretien des arbres et les travaux en hauteur. Compos\u00e9e d\u2019une \u00e9quipe passionn\u00e9e et exp\u00e9riment\u00e9e, leur expertise et leur engagement envers l'excellence compl\u00e8tent parfaitement notre vision et&hellip;","og_url":"https:\/\/groupe-capvert.com\/it\/le-groupe-cap-vert-acquiert-la-societe-delagage-oxygene\/","og_site_name":"Groupe Cap Vert","article_published_time":"2024-07-22T14:28:14+00:00","article_modified_time":"2024-09-03T08:30:15+00:00","og_image":[{"width":1232,"height":1632,"url":"https:\/\/groupe-capvert.com\/wp-content\/uploads\/2024\/07\/GRIMPE-DEPLACEMENT-5.5.jpg","type":"image\/jpeg"}],"author":"s.soussi@groupe-capvert.fr","twitter_card":"summary_large_image","twitter_misc":{"Scritto da":"s.soussi@groupe-capvert.fr","Tempo di lettura stimato":"1 minuto"},"schema":{"@context":"https:\/\/schema.org","@graph":[{"@type":"Article","@id":"https:\/\/groupe-capvert.com\/it\/le-groupe-cap-vert-acquiert-la-societe-delagage-oxygene\/#article","isPartOf":{"@id":"https:\/\/groupe-capvert.com\/it\/le-groupe-cap-vert-acquiert-la-societe-delagage-oxygene\/"},"author":{"name":"s.soussi@groupe-capvert.fr","@id":"https:\/\/groupe-capvert.com\/#\/schema\/person\/fd43b3a51203a44ca8f3f552209a974a"},"headline":"Le Groupe Cap Vert, via sa filiale FIF, acquiert la soci\u00e9t\u00e9 d\u2019\u00e9lagage Oxyg\u00e8ne !","datePublished":"2024-07-22T14:28:14+00:00","dateModified":"2024-09-03T08:30:15+00:00","mainEntityOfPage":{"@id":"https:\/\/groupe-capvert.com\/it\/le-groupe-cap-vert-acquiert-la-societe-delagage-oxygene\/"},"wordCount":246,"publisher":{"@id":"https:\/\/groupe-capvert.com\/#organization"},"image":{"@id":"https:\/\/groupe-capvert.com\/it\/le-groupe-cap-vert-acquiert-la-societe-delagage-oxygene\/#primaryimage"},"thumbnailUrl":"https:\/\/groupe-capvert.com\/wp-content\/uploads\/2024\/07\/GRIMPE-DEPLACEMENT-5.5.jpg","articleSection":["Actualit\u00e9s"],"inLanguage":"it-IT"},{"@type":"WebPage","@id":"https:\/\/groupe-capvert.com\/it\/le-groupe-cap-vert-acquiert-la-societe-delagage-oxygene\/","url":"https:\/\/groupe-capvert.com\/it\/le-groupe-cap-vert-acquiert-la-societe-delagage-oxygene\/","name":"Le Groupe Cap Vert, via sa filiale FIF, acquiert la soci\u00e9t\u00e9 d\u2019\u00e9lagage Oxyg\u00e8ne ! - Groupe Cap Vert","isPartOf":{"@id":"https:\/\/groupe-capvert.com\/#website"},"primaryImageOfPage":{"@id":"https:\/\/groupe-capvert.com\/it\/le-groupe-cap-vert-acquiert-la-societe-delagage-oxygene\/#primaryimage"},"image":{"@id":"https:\/\/groupe-capvert.com\/it\/le-groupe-cap-vert-acquiert-la-societe-delagage-oxygene\/#primaryimage"},"thumbnailUrl":"https:\/\/groupe-capvert.com\/wp-content\/uploads\/2024\/07\/GRIMPE-DEPLACEMENT-5.5.jpg","datePublished":"2024-07-22T14:28:14+00:00","dateModified":"2024-09-03T08:30:15+00:00","breadcrumb":{"@id":"https:\/\/groupe-capvert.com\/it\/le-groupe-cap-vert-acquiert-la-societe-delagage-oxygene\/#breadcrumb"},"inLanguage":"it-IT","potentialAction":[{"@type":"ReadAction","target":["https:\/\/groupe-capvert.com\/it\/le-groupe-cap-vert-acquiert-la-societe-delagage-oxygene\/"]}]},{"@type":"ImageObject","inLanguage":"it-IT","@id":"https:\/\/groupe-capvert.com\/it\/le-groupe-cap-vert-acquiert-la-societe-delagage-oxygene\/#primaryimage","url":"https:\/\/groupe-capvert.com\/wp-content\/uploads\/2024\/07\/GRIMPE-DEPLACEMENT-5.5.jpg","contentUrl":"https:\/\/groupe-capvert.com\/wp-content\/uploads\/2024\/07\/GRIMPE-DEPLACEMENT-5.5.jpg","width":1232,"height":1632},{"@type":"BreadcrumbList","@id":"https:\/\/groupe-capvert.com\/it\/le-groupe-cap-vert-acquiert-la-societe-delagage-oxygene\/#breadcrumb","itemListElement":[{"@type":"ListItem","position":1,"name":"Accueil","item":"https:\/\/groupe-capvert.com\/"},{"@type":"ListItem","position":2,"name":"Actualit\u00e9s","item":"https:\/\/groupe-capvert.com\/category\/actualites\/"},{"@type":"ListItem","position":3,"name":"Le Groupe Cap Vert, via sa filiale FIF, acquiert la soci\u00e9t\u00e9 d\u2019\u00e9lagage Oxyg\u00e8ne !"}]},{"@type":"WebSite","@id":"https:\/\/groupe-capvert.com\/it\/#website","url":"https:\/\/groupe-capvert.com\/it\/","name":"Groupe Cap Vert","description":"","publisher":{"@id":"https:\/\/groupe-capvert.com\/it\/#organization"},"potentialAction":[{"@type":"SearchAction","target":{"@type":"EntryPoint","urlTemplate":"https:\/\/groupe-capvert.com\/it\/?s={search_term_string}"},"query-input":{"@type":"PropertyValueSpecification","valueRequired":true,"valueName":"search_term_string"}}],"inLanguage":"it-IT"},{"@type":"Organization","@id":"https:\/\/groupe-capvert.com\/it\/#organization","name":"Groupe Cap Vert","url":"https:\/\/groupe-capvert.com\/it\/","logo":{"@type":"ImageObject","inLanguage":"it-IT","@id":"https:\/\/groupe-capvert.com\/it\/#\/schema\/logo\/image\/","url":"https:\/\/groupe-capvert.com\/wp-content\/uploads\/2023\/10\/logo.png","contentUrl":"https:\/\/groupe-capvert.com\/wp-content\/uploads\/2023\/10\/logo.png","width":763,"height":354,"caption":"Groupe Cap Vert"},"image":{"@id":"https:\/\/groupe-capvert.com\/it\/#\/schema\/logo\/image\/"},"sameAs":["https:\/\/www.linkedin.com\/company\/groupe-capvert"]},{"@type":"Person","@id":"https:\/\/groupe-capvert.com\/#\/schema\/person\/fd43b3a51203a44ca8f3f552209a974a","name":"s.soussi@groupe-capvert.fr","image":{"@type":"ImageObject","inLanguage":"it-IT","@id":"https:\/\/groupe-capvert.com\/#\/schema\/person\/image\/","url":"https:\/\/secure.gravatar.com\/avatar\/381160f480d7133366abbbcba78de06fe5c532f970dee6c6dd532e3edae61570?s=96&d=mm&r=g","contentUrl":"https:\/\/secure.gravatar.com\/avatar\/381160f480d7133366abbbcba78de06fe5c532f970dee6c6dd532e3edae61570?s=96&d=mm&r=g","caption":"s.soussi@groupe-capvert.fr"},"url":"https:\/\/groupe-capvert.com\/it\/author\/s-soussigroupe-capvert-fr\/"}]}},"parent_category":"Actualit\u00e9s","child_category":null,"child_slug":null,"_links":{"self":[{"href":"https:\/\/groupe-capvert.com\/it\/wp-json\/wp\/v2\/posts\/7003","targetHints":{"allow":["GET"]}}],"collection":[{"href":"https:\/\/groupe-capvert.com\/it\/wp-json\/wp\/v2\/posts"}],"about":[{"href":"https:\/\/groupe-capvert.com\/it\/wp-json\/wp\/v2\/types\/post"}],"author":[{"embeddable":true,"href":"https:\/\/groupe-capvert.com\/it\/wp-json\/wp\/v2\/users\/2"}],"replies":[{"embeddable":true,"href":"https:\/\/groupe-capvert.com\/it\/wp-json\/wp\/v2\/comments?post=7003"}],"version-history":[{"count":2,"href":"https:\/\/groupe-capvert.com\/it\/wp-json\/wp\/v2\/posts\/7003\/revisions"}],"predecessor-version":[{"id":7008,"href":"https:\/\/groupe-capvert.com\/it\/wp-json\/wp\/v2\/posts\/7003\/revisions\/7008"}],"wp:featuredmedia":[{"embeddable":true,"href":"https:\/\/groupe-capvert.com\/it\/wp-json\/wp\/v2\/media\/7009"}],"wp:attachment":[{"href":"https:\/\/groupe-capvert.com\/it\/wp-json\/wp\/v2\/media?parent=7003"}],"wp:term":[{"taxonomy":"category","embeddable":true,"href":"https:\/\/groupe-capvert.com\/it\/wp-json\/wp\/v2\/categories?post=7003"},{"taxonomy":"post_tag","embeddable":true,"href":"https:\/\/groupe-capvert.com\/it\/wp-json\/wp\/v2\/tags?post=7003"}],"curies":[{"name":"wp","href":"https:\/\/api.w.org\/{rel}","templated":true}]}}