{"id":8375,"date":"2026-04-21T09:25:00","date_gmt":"2026-04-21T07:25:00","guid":{"rendered":"https:\/\/groupe-capvert.com\/?p=8375"},"modified":"2026-04-21T00:33:02","modified_gmt":"2026-04-20T22:33:02","slug":"le-groupe-cap-vert-sinstalle-a-la-canopee-un-siege-engage-et-rehabilite-au-coeur-de-versailles","status":"publish","type":"post","link":"https:\/\/groupe-capvert.com\/es\/le-groupe-cap-vert-sinstalle-a-la-canopee-un-siege-engage-et-rehabilite-au-coeur-de-versailles\/","title":{"rendered":"Le Groupe Cap Vert s\u2019installe \u00e0 \u201cLa Canop\u00e9e\u201d, un si\u00e8ge engag\u00e9 et r\u00e9habilit\u00e9 au c\u0153ur de Versailles"},"content":{"rendered":"\n<p>Versailles, le 21\/04\/2026 \u2013 Le Groupe Cap Vert franchit une nouvelle \u00e9tape de son d\u00e9veloppement en annon\u00e7ant son installation au <strong>11 rue des \u00c9tangs Gobert \u00e0 Versailles<\/strong>, au sein de son nouveau si\u00e8ge baptis\u00e9 \u201c<strong>La Canop\u00e9e<\/strong>\u201d. Imagin\u00e9 par Nature &amp; D\u00e9couvertes et l&#8217;architecte Patrick Bouchain, le b\u00e2timent accueille aujourd\u2019hui ces deux entreprises engag\u00e9es.<\/p>\n\n\n\n<p>Pens\u00e9 comme un v\u00e9ritable d\u00e9monstrateur environnemental, ce b\u00e2timent incarne une nouvelle g\u00e9n\u00e9ration de si\u00e8ges d\u2019entreprise : sobres en \u00e9nergie, con\u00e7us en mat\u00e9riaux durables et int\u00e9gr\u00e9s dans leur \u00e9cosyst\u00e8me.<\/p>\n\n\n\n<p>Issu de la r\u00e9habilitation d\u2019un ancien hangar, ce b\u00e2timent a \u00e9t\u00e9 transform\u00e9 en un espace de travail moderne, performant et respectueux de l\u2019environnement, illustrant une nouvelle mani\u00e8re d\u2019occuper et de valoriser le b\u00e2ti existant. Un projet de transformation initi\u00e9 et port\u00e9 par Nature &amp; D\u00e9couvertes, en 2019, avec une approche exigeante de l\u2019ing\u00e9nierie environnementale.<\/p>\n\n\n\n<p>En s\u2019installant dans ces nouveaux locaux, le Groupe affirme sa volont\u00e9 de s\u2019inscrire dans une dynamique responsable, en coh\u00e9rence avec son d\u00e9veloppement et son ancrage territorial.<\/p>\n\n\n\n<p><strong>Un b\u00e2timent r\u00e9habilit\u00e9, en coh\u00e9rence avec les engagements du Groupe<\/strong><\/p>\n\n\n\n<p>Avec \u201cLa Canop\u00e9e\u201d, le Groupe Cap Vert s\u2019installe dans un si\u00e8ge \u00e0 son image, en ad\u00e9quation avec ses m\u00e9tiers et sa vision RSE. Le b\u00e2timent conserve notamment une structure m\u00e9tallique de type Eiffel, t\u00e9moin de son histoire industrielle, aujourd\u2019hui valoris\u00e9e dans un projet alliant innovation et sobri\u00e9t\u00e9.<\/p>\n\n\n\n<p>Con\u00e7u pour allier performance \u00e9nerg\u00e9tique, confort des collaborateurs et r\u00e9duction de l\u2019empreinte carbone, le b\u00e2timent int\u00e8gre des choix architecturaux et techniques innovants :<\/p>\n\n\n\n<ul class=\"wp-block-list\">\n<li><em><u>Une conception bioclimatique performante<\/u><\/em><ul><li>La lumi\u00e8re naturelle est optimis\u00e9e gr\u00e2ce \u00e0 des ouvertures en cornette c\u00f4t\u00e9 nord, ce qui limite les besoins en \u00e9clairage artificiel et les consommations \u00e9nerg\u00e9tiques<\/li><\/ul><ul><li>Sur la fa\u00e7ade sud, des brises soleils \u00e9quip\u00e9s de panneaux solaires, produisent de l\u2019\u00e9lectricit\u00e9 \u00e0 destination du b\u00e2timent tout en assurant un r\u00f4le de protection solaire pour le confort d\u2019\u00e9t\u00e9<\/li><\/ul>\n<ul class=\"wp-block-list\">\n<li>La toiture est en aluminium laqu\u00e9 blanc, qui permet de r\u00e9fl\u00e9chir la chaleur et de limiter la surchauffe estivale du b\u00e2timent<\/li>\n<\/ul>\n<\/li>\n\n\n\n<li><em><u>Une innovation thermique au c\u0153ur du b\u00e2timent<\/u><\/em><ul><li>Un puit canadien install\u00e9 en sous-sol, coupl\u00e9 \u00e0 une centrale de traitement d\u2019air permet de pr\u00e9chauffer ou rafra\u00eechir l\u2019air entrant naturellement (jusqu\u2019\u00e0 \u00b15\u00b0C), r\u00e9duisant ainsi significativement les besoins \u00e9nerg\u00e9tiques <\/li><\/ul>\n<ul class=\"wp-block-list\">\n<li>De m\u00eame qu\u2019une sur-ventilation garantit une qualit\u00e9 d\u2019air optimale et un confort thermique constant <\/li>\n<\/ul>\n<\/li>\n\n\n\n<li><em><u>Des performances \u00e9nerg\u00e9tiques au-del\u00e0 des normes<\/u><\/em><ul><li>Une consommation \u00e9nerg\u00e9tique de 46,30 kWhEP\/m\u00b2, soit un niveau nettement plus performant que les standards RT2012 et RE2020 (77 kWhEP\/m\u00b2) <\/li><\/ul>\n<ul class=\"wp-block-list\">\n<li>Une alimentation via le r\u00e9seau de chaleur urbain, avec une perspective d\u2019\u00e9volution vers la g\u00e9othermie \u00e0 horizon 2030<\/li>\n<\/ul>\n<\/li>\n\n\n\n<li><em><u>Une gestion responsable des ressources<\/u><\/em><ul><li>Le b\u00e2timent a \u00e9t\u00e9 con\u00e7u avec une ossature en bois massif (\u00e9pic\u00e9a et m\u00e9l\u00e8ze, panneaux CLT et lamell\u00e9-crois\u00e9), favorisant le stockage du carbone<\/li><\/ul><ul><li>Les structures initiales m\u00e9talliques \u00ab\u00a0Eiffel\u00a0\u00bb ont \u00e9t\u00e9 conserv\u00e9es<\/li><\/ul><ul><li>Les eaux pluviales sont r\u00e9cup\u00e9r\u00e9es dans une cuve de 90 m\u00b3, qui alimente les sanitaires et l\u2019arrosage des espaces v\u00e9g\u00e9talis\u00e9s<\/li><\/ul>\n<ul class=\"wp-block-list\">\n<li>Le vitrage \u00e0 haute performance thermique, renforce l\u2019efficacit\u00e9 \u00e9nerg\u00e9tique globale<\/li>\n<\/ul>\n<\/li>\n\n\n\n<li><em><u>Une adresse accessible en transport peu carbon\u00e9<\/u><\/em><ul><li>La situation g\u00e9ographique du b\u00e2timent au pied de la gare de Versailles-Chantier (desservie par la ligne de RER C et les lignes de Transilien N, U et V) offre une accessibilit\u00e9 \u00e0 faible empreinte carbone<\/li><\/ul><ul><li>Prise en charge \u00e0 100 % des frais de transports en commun pour les collaborateurs, dans le cadre de la politique de mobilit\u00e9 du Groupe<\/li><\/ul><ul><li>Mise \u00e0 disposition d\u2019un parking v\u00e9los s\u00e9curis\u00e9, encourageant les d\u00e9placements doux au quotidien<\/li><\/ul>\n<ul class=\"wp-block-list\">\n<li>Un parking \u00e9quip\u00e9 de bornes de recharge pour v\u00e9hicules \u00e9lectriques, favorisant des alternatives de mobilit\u00e9 plus responsables<\/li>\n<\/ul>\n<\/li>\n<\/ul>\n\n\n\n<p>Gr\u00e2ce \u00e0 ces choix, \u201cLa Canop\u00e9e\u201d permet de diviser par 10 les \u00e9missions de gaz \u00e0 effet de serre par rapport \u00e0 un b\u00e2timent tertiaire classique.<\/p>\n\n\n\n<p><strong>Un levier au service de la croissance et de l\u2019attractivit\u00e9<\/strong><\/p>\n\n\n\n<p>Au-del\u00e0 de ses performances environnementales, \u201cLa Canop\u00e9e\u201d offre un cadre de travail qualitatif, accessible et dimensionn\u00e9 pour accompagner le d\u00e9veloppement du Groupe.<\/p>\n\n\n\n<p>Ce nouvel environnement contribue \u00e0 renforcer l\u2019attractivit\u00e9 du Groupe Cap Vert, notamment en mati\u00e8re de recrutement, en proposant des espaces de travail en phase avec les attentes actuelles : confort, accessibilit\u00e9 et engagement.<\/p>\n\n\n\n<p><strong>Une vitrine des engagements du Groupe<\/strong><\/p>\n\n\n\n<p>\u00c0 travers ce nouveau si\u00e8ge, le Groupe Cap Vert affirme son ambition : inscrire durablement ses activit\u00e9s dans une logique de responsabilit\u00e9 environnementale et soci\u00e9tale. Multi-expert des m\u00e9tiers du v\u00e9g\u00e9tal, du paysage et de l\u2019eau, le Groupe place la pr\u00e9servation des ressources et des \u00e9cosyst\u00e8mes au c\u0153ur de son d\u00e9veloppement.<\/p>\n\n\n\n<p>\u201cLa Canop\u00e9e\u201d devient ainsi un lieu de travail, mais aussi un symbole fort : celui d\u2019une entreprise qui construit aujourd\u2019hui les paysages de demain, avec exigence et coh\u00e9rence.<\/p>\n\n\n\n<p>Implant\u00e9 \u00e0 Versailles, le Groupe Cap Vert r\u00e9affirme \u00e9galement son attachement au territoire des Yvelines et sa volont\u00e9 de participer activement \u00e0 son dynamisme \u00e9conomique et environnemental.<\/p>\n\n\n\n<p><em><u>Citation de la Directrice RSE-HSE du Groupe&nbsp;:<\/u><\/em><\/p>\n\n\n\n<p>Laetitia BOUCHER, Directrice RSE-HSE du Groupe, pr\u00e9cise&nbsp;: <em>\u00ab<\/em>&nbsp;<em>Avec son m\u00e9lange de bois et de syst\u00e8mes \u00e9co-con\u00e7us et peu \u00e9nergivore, notre emm\u00e9nagement dans La Canop\u00e9e s\u2019inscrit pleinement dans la d\u00e9marche RSE que nous impulsons au sein du Groupe. Le choix de ce b\u00e2timent fait sens, \u00e0 la fois, en tant que reflet de nos ambitions de d\u00e9carbonation, notamment via la d\u00e9marche ACT, et celui de nos m\u00e9tiers&nbsp;: p\u00e9renniser et d\u00e9velopper les puits carbones urbains, pr\u00e9server et r\u00e9g\u00e9n\u00e9rer le cycle de l\u2019eau et agir positivement sur la biodiversit\u00e9.&nbsp;\u00bb<\/em><\/p>\n\n\n\n<p><em><u>Citation du pr\u00e9sident du Groupe&nbsp;:<\/u><\/em><\/p>\n\n\n\n<p>Eric GIROT, Pr\u00e9sident du Groupe Cap Vert, d\u00e9clare : <em>\u00ab En s\u2019installant dans ce super b\u00e2timent, nous avons souhait\u00e9 offrir \u00e0 nos collaborateurs un cadre de travail \u00e0 la hauteur de nos ambitions : plus confortable, plus fonctionnel, plus accessible et en phase avec nos engagements. Ce nouveau si\u00e8ge nous permet aussi de mieux accueillir nos clients, nos partenaires et l\u2019ensemble de nos \u00e9quipes, venues de toute la France, dans un lieu propice aux \u00e9changes et \u00e0 la collaboration. Par sa dimension et ses am\u00e9nagements, il constitue un v\u00e9ritable levier pour accompagner la croissance du Groupe.&nbsp;\u00bb<\/em><\/p>\n\n\n\n<p>Pour t\u00e9l\u00e9charger le communiqu\u00e9 de presse : <a href=\"https:\/\/groupe-capvert.com\/wp-content\/uploads\/2026\/04\/Demenagement-siege.pdf\" type=\"link\" id=\"https:\/\/groupe-capvert.com\/wp-content\/uploads\/2026\/04\/Demenagement-siege.pdf\">Communiqu\u00e9 de presse<\/a><\/p>\n\n\n\n<p><\/p>\n","protected":false},"excerpt":{"rendered":"<p>Versailles, le 21\/04\/2026 \u2013 Le Groupe Cap Vert franchit une nouvelle \u00e9tape de son d\u00e9veloppement en annon\u00e7ant son installation au 11 rue des \u00c9tangs Gobert \u00e0 Versailles, au sein de son nouveau si\u00e8ge baptis\u00e9 \u201cLa Canop\u00e9e\u201d. Imagin\u00e9 par Nature &amp; D\u00e9couvertes et l&#8217;architecte Patrick Bouchain, le b\u00e2timent accueille aujourd\u2019hui ces deux entreprises engag\u00e9es. Pens\u00e9 comme [&hellip;]<\/p>\n","protected":false},"author":2,"featured_media":8377,"comment_status":"closed","ping_status":"closed","sticky":false,"template":"","format":"standard","meta":{"_acf_changed":false,"footnotes":""},"categories":[10],"tags":[],"class_list":["post-8375","post","type-post","status-publish","format-standard","has-post-thumbnail","hentry","category-actualites"],"acf":{"date_de_creation":"","date_de_rachat":"","chiffres":"","logo":false,"carte":false,"adresse":"","agences":"","contacts":"","clients":"","competences":"","img_a_la_une":false,"categorie_metier":"","Localisation":{"lat":53.55071120000000206573531613685190677642822265625,"lng":10.0009917999999995430471244617365300655364990234375,"zoom":12,"markers":[],"address":"","layers":["OpenStreetMap.Mapnik"],"version":"1.6.1","center_lat":53.55071120000000206573531613685190677642822265625,"center_lng":10.0009917999999995430471244617365300655364990234375},"photo_gallery":{"gallery":[[]],"galerie_1":[[],[]],"galerie_2":[[],[],[]],"galerie_3":[[],[],[],[]],"galerie_4":[[],[],[],[],[]],"galerie_5":[[],[],[],[],[],[]],"galerie_6":[[],[],[],[],[],[],[]]}},"yoast_head":"<!-- This site is optimized with the Yoast SEO plugin v26.8 - https:\/\/yoast.com\/product\/yoast-seo-wordpress\/ -->\n<title>Le Groupe Cap Vert s\u2019installe \u00e0 \u201cLa Canop\u00e9e\u201d, un si\u00e8ge engag\u00e9 et r\u00e9habilit\u00e9 au c\u0153ur de Versailles<\/title>\n<meta name=\"description\" content=\"Versailles, le 21\/04\/2026 \u2013 Le Groupe Cap Vert franchit une nouvelle \u00e9tape de son d\u00e9veloppement en annon\u00e7ant son installation au 11 rue des \u00c9tangs Gobert \u00e0 Versailles, au sein de son nouveau si\u00e8ge baptis\u00e9 \u201cLa Canop\u00e9e\u201d. Imagin\u00e9 par Nature &amp; D\u00e9couvertes et l&#039;architecte Patrick Bouchain, le b\u00e2timent accueille aujourd\u2019hui ces deux entreprises engag\u00e9es. Pens\u00e9 comme&hellip;\" \/>\n<meta name=\"robots\" content=\"index, follow, max-snippet:-1, max-image-preview:large, max-video-preview:-1\" \/>\n<link rel=\"canonical\" href=\"http:\/\/Versailles,%20le%2021\/04\/2026%20\u2013%20Le%20Groupe%20Cap%20Vert%20franchit%20une%20nouvelle%20\u00e9tape%20de%20son%20d\u00e9veloppement%20en%20annon\u00e7ant%20son%20installation%20au%2011%20rue%20des%20\u00c9tangs%20Gobert%20\u00e0%20Versailles,%20au%20sein%20de%20son%20nouveau%20si\u00e8ge%20baptis\u00e9%20\u201cLa%20Canop\u00e9e\u201d.%20Imagin\u00e9%20par%20Nature%20&amp;%20D\u00e9couvertes%20et%20l'architecte%20Patrick%20Bouchain,%20le%20b\u00e2timent%20accueille%20aujourd\u2019hui%20ces%20deux%20entreprises%20engag\u00e9es.%20Pens\u00e9%20comme&hellip;\" \/>\n<meta property=\"og:locale\" content=\"es_ES\" \/>\n<meta property=\"og:type\" content=\"article\" \/>\n<meta property=\"og:title\" content=\"Le Groupe Cap Vert s\u2019installe \u00e0 \u201cLa Canop\u00e9e\u201d, un si\u00e8ge engag\u00e9 et r\u00e9habilit\u00e9 au c\u0153ur de Versailles\" \/>\n<meta property=\"og:description\" content=\"Versailles, le 21\/04\/2026 \u2013 Le Groupe Cap Vert franchit une nouvelle \u00e9tape de son d\u00e9veloppement en annon\u00e7ant son installation au 11 rue des \u00c9tangs Gobert \u00e0 Versailles, au sein de son nouveau si\u00e8ge baptis\u00e9 \u201cLa Canop\u00e9e\u201d. Imagin\u00e9 par Nature &amp; D\u00e9couvertes et l&#039;architecte Patrick Bouchain, le b\u00e2timent accueille aujourd\u2019hui ces deux entreprises engag\u00e9es. Pens\u00e9 comme&hellip;\" \/>\n<meta property=\"og:url\" content=\"https:\/\/groupe-capvert.com\/es\/le-groupe-cap-vert-sinstalle-a-la-canopee-un-siege-engage-et-rehabilite-au-coeur-de-versailles\/\" \/>\n<meta property=\"og:site_name\" content=\"Groupe Cap Vert\" \/>\n<meta property=\"article:published_time\" content=\"2026-04-21T07:25:00+00:00\" \/>\n<meta property=\"og:image\" content=\"https:\/\/groupe-capvert.com\/wp-content\/uploads\/2026\/04\/Cap-Vert-Versailles-768x384.png\" \/>\n\t<meta property=\"og:image:width\" content=\"768\" \/>\n\t<meta property=\"og:image:height\" content=\"384\" \/>\n\t<meta property=\"og:image:type\" content=\"image\/png\" \/>\n<meta name=\"author\" content=\"s.soussi@groupe-capvert.fr\" \/>\n<meta name=\"twitter:card\" content=\"summary_large_image\" \/>\n<meta name=\"twitter:label1\" content=\"Escrito por\" \/>\n\t<meta name=\"twitter:data1\" content=\"s.soussi@groupe-capvert.fr\" \/>\n\t<meta name=\"twitter:label2\" content=\"Tiempo de lectura\" \/>\n\t<meta name=\"twitter:data2\" content=\"6 minutos\" \/>\n<script type=\"application\/ld+json\" class=\"yoast-schema-graph\">{\"@context\":\"https:\/\/schema.org\",\"@graph\":[{\"@type\":\"Article\",\"@id\":\"https:\/\/groupe-capvert.com\/es\/le-groupe-cap-vert-sinstalle-a-la-canopee-un-siege-engage-et-rehabilite-au-coeur-de-versailles\/#article\",\"isPartOf\":{\"@id\":\"https:\/\/groupe-capvert.com\/es\/le-groupe-cap-vert-sinstalle-a-la-canopee-un-siege-engage-et-rehabilite-au-coeur-de-versailles\/\"},\"author\":{\"name\":\"s.soussi@groupe-capvert.fr\",\"@id\":\"https:\/\/groupe-capvert.com\/#\/schema\/person\/fd43b3a51203a44ca8f3f552209a974a\"},\"headline\":\"Le Groupe Cap Vert s\u2019installe \u00e0 \u201cLa Canop\u00e9e\u201d, un si\u00e8ge engag\u00e9 et r\u00e9habilit\u00e9 au c\u0153ur de Versailles\",\"datePublished\":\"2026-04-21T07:25:00+00:00\",\"mainEntityOfPage\":{\"@id\":\"https:\/\/groupe-capvert.com\/es\/le-groupe-cap-vert-sinstalle-a-la-canopee-un-siege-engage-et-rehabilite-au-coeur-de-versailles\/\"},\"wordCount\":1136,\"publisher\":{\"@id\":\"https:\/\/groupe-capvert.com\/#organization\"},\"image\":{\"@id\":\"https:\/\/groupe-capvert.com\/es\/le-groupe-cap-vert-sinstalle-a-la-canopee-un-siege-engage-et-rehabilite-au-coeur-de-versailles\/#primaryimage\"},\"thumbnailUrl\":\"https:\/\/groupe-capvert.com\/wp-content\/uploads\/2026\/04\/Cap-Vert-Versailles-scaled.png\",\"articleSection\":[\"Actualit\u00e9s\"],\"inLanguage\":\"es\"},{\"@type\":\"WebPage\",\"@id\":\"https:\/\/groupe-capvert.com\/es\/le-groupe-cap-vert-sinstalle-a-la-canopee-un-siege-engage-et-rehabilite-au-coeur-de-versailles\/\",\"url\":\"https:\/\/groupe-capvert.com\/es\/le-groupe-cap-vert-sinstalle-a-la-canopee-un-siege-engage-et-rehabilite-au-coeur-de-versailles\/\",\"name\":\"Le Groupe Cap Vert s\u2019installe \u00e0 \u201cLa Canop\u00e9e\u201d, un si\u00e8ge engag\u00e9 et r\u00e9habilit\u00e9 au c\u0153ur de Versailles - Groupe Cap Vert\",\"isPartOf\":{\"@id\":\"https:\/\/groupe-capvert.com\/#website\"},\"primaryImageOfPage\":{\"@id\":\"https:\/\/groupe-capvert.com\/es\/le-groupe-cap-vert-sinstalle-a-la-canopee-un-siege-engage-et-rehabilite-au-coeur-de-versailles\/#primaryimage\"},\"image\":{\"@id\":\"https:\/\/groupe-capvert.com\/es\/le-groupe-cap-vert-sinstalle-a-la-canopee-un-siege-engage-et-rehabilite-au-coeur-de-versailles\/#primaryimage\"},\"thumbnailUrl\":\"https:\/\/groupe-capvert.com\/wp-content\/uploads\/2026\/04\/Cap-Vert-Versailles-scaled.png\",\"datePublished\":\"2026-04-21T07:25:00+00:00\",\"breadcrumb\":{\"@id\":\"https:\/\/groupe-capvert.com\/es\/le-groupe-cap-vert-sinstalle-a-la-canopee-un-siege-engage-et-rehabilite-au-coeur-de-versailles\/#breadcrumb\"},\"inLanguage\":\"es\",\"potentialAction\":[{\"@type\":\"ReadAction\",\"target\":[\"https:\/\/groupe-capvert.com\/es\/le-groupe-cap-vert-sinstalle-a-la-canopee-un-siege-engage-et-rehabilite-au-coeur-de-versailles\/\"]}]},{\"@type\":\"ImageObject\",\"inLanguage\":\"es\",\"@id\":\"https:\/\/groupe-capvert.com\/es\/le-groupe-cap-vert-sinstalle-a-la-canopee-un-siege-engage-et-rehabilite-au-coeur-de-versailles\/#primaryimage\",\"url\":\"https:\/\/groupe-capvert.com\/wp-content\/uploads\/2026\/04\/Cap-Vert-Versailles-scaled.png\",\"contentUrl\":\"https:\/\/groupe-capvert.com\/wp-content\/uploads\/2026\/04\/Cap-Vert-Versailles-scaled.png\",\"width\":2560,\"height\":1280},{\"@type\":\"BreadcrumbList\",\"@id\":\"https:\/\/groupe-capvert.com\/es\/le-groupe-cap-vert-sinstalle-a-la-canopee-un-siege-engage-et-rehabilite-au-coeur-de-versailles\/#breadcrumb\",\"itemListElement\":[{\"@type\":\"ListItem\",\"position\":1,\"name\":\"Accueil\",\"item\":\"https:\/\/groupe-capvert.com\/\"},{\"@type\":\"ListItem\",\"position\":2,\"name\":\"Actualit\u00e9s\",\"item\":\"https:\/\/groupe-capvert.com\/category\/actualites\/\"},{\"@type\":\"ListItem\",\"position\":3,\"name\":\"Le Groupe Cap Vert s\u2019installe \u00e0 \u201cLa Canop\u00e9e\u201d, un si\u00e8ge engag\u00e9 et r\u00e9habilit\u00e9 au c\u0153ur de Versailles\"}]},{\"@type\":\"WebSite\",\"@id\":\"https:\/\/groupe-capvert.com\/es\/#website\",\"url\":\"https:\/\/groupe-capvert.com\/es\/\",\"name\":\"Groupe Cap Vert\",\"description\":\"\",\"publisher\":{\"@id\":\"https:\/\/groupe-capvert.com\/es\/#organization\"},\"potentialAction\":[{\"@type\":\"SearchAction\",\"target\":{\"@type\":\"EntryPoint\",\"urlTemplate\":\"https:\/\/groupe-capvert.com\/es\/?s={search_term_string}\"},\"query-input\":{\"@type\":\"PropertyValueSpecification\",\"valueRequired\":true,\"valueName\":\"search_term_string\"}}],\"inLanguage\":\"es\"},{\"@type\":\"Organization\",\"@id\":\"https:\/\/groupe-capvert.com\/es\/#organization\",\"name\":\"Groupe Cap Vert\",\"url\":\"https:\/\/groupe-capvert.com\/es\/\",\"logo\":{\"@type\":\"ImageObject\",\"inLanguage\":\"es\",\"@id\":\"https:\/\/groupe-capvert.com\/es\/#\/schema\/logo\/image\/\",\"url\":\"https:\/\/groupe-capvert.com\/wp-content\/uploads\/2023\/10\/logo.png\",\"contentUrl\":\"https:\/\/groupe-capvert.com\/wp-content\/uploads\/2023\/10\/logo.png\",\"width\":763,\"height\":354,\"caption\":\"Groupe Cap Vert\"},\"image\":{\"@id\":\"https:\/\/groupe-capvert.com\/es\/#\/schema\/logo\/image\/\"},\"sameAs\":[\"https:\/\/www.linkedin.com\/company\/groupe-capvert\"]},{\"@type\":\"Person\",\"@id\":\"https:\/\/groupe-capvert.com\/#\/schema\/person\/fd43b3a51203a44ca8f3f552209a974a\",\"name\":\"s.soussi@groupe-capvert.fr\",\"image\":{\"@type\":\"ImageObject\",\"inLanguage\":\"es\",\"@id\":\"https:\/\/groupe-capvert.com\/#\/schema\/person\/image\/\",\"url\":\"https:\/\/secure.gravatar.com\/avatar\/381160f480d7133366abbbcba78de06fe5c532f970dee6c6dd532e3edae61570?s=96&d=mm&r=g\",\"contentUrl\":\"https:\/\/secure.gravatar.com\/avatar\/381160f480d7133366abbbcba78de06fe5c532f970dee6c6dd532e3edae61570?s=96&d=mm&r=g\",\"caption\":\"s.soussi@groupe-capvert.fr\"},\"url\":\"https:\/\/groupe-capvert.com\/es\/author\/s-soussigroupe-capvert-fr\/\"}]}<\/script>\n<!-- \/ Yoast SEO plugin. -->","yoast_head_json":{"title":"Le Groupe Cap Vert s\u2019installe \u00e0 \u201cLa Canop\u00e9e\u201d, un si\u00e8ge engag\u00e9 et r\u00e9habilit\u00e9 au c\u0153ur de Versailles","description":"Versailles, le 21\/04\/2026 \u2013 Le Groupe Cap Vert franchit une nouvelle \u00e9tape de son d\u00e9veloppement en annon\u00e7ant son installation au 11 rue des \u00c9tangs Gobert \u00e0 Versailles, au sein de son nouveau si\u00e8ge baptis\u00e9 \u201cLa Canop\u00e9e\u201d. Imagin\u00e9 par Nature &amp; D\u00e9couvertes et l'architecte Patrick Bouchain, le b\u00e2timent accueille aujourd\u2019hui ces deux entreprises engag\u00e9es. Pens\u00e9 comme&hellip;","robots":{"index":"index","follow":"follow","max-snippet":"max-snippet:-1","max-image-preview":"max-image-preview:large","max-video-preview":"max-video-preview:-1"},"canonical":"Versailles, le 21\/04\/2026 \u2013 Le Groupe Cap Vert franchit une nouvelle \u00e9tape de son d\u00e9veloppement en annon\u00e7ant son installation au 11 rue des \u00c9tangs Gobert \u00e0 Versailles, au sein de son nouveau si\u00e8ge baptis\u00e9 \u201cLa Canop\u00e9e\u201d. Imagin\u00e9 par Nature &amp; D\u00e9couvertes et l'architecte Patrick Bouchain, le b\u00e2timent accueille aujourd\u2019hui ces deux entreprises engag\u00e9es. Pens\u00e9 comme&hellip;","og_locale":"es_ES","og_type":"article","og_title":"Le Groupe Cap Vert s\u2019installe \u00e0 \u201cLa Canop\u00e9e\u201d, un si\u00e8ge engag\u00e9 et r\u00e9habilit\u00e9 au c\u0153ur de Versailles","og_description":"Versailles, le 21\/04\/2026 \u2013 Le Groupe Cap Vert franchit une nouvelle \u00e9tape de son d\u00e9veloppement en annon\u00e7ant son installation au 11 rue des \u00c9tangs Gobert \u00e0 Versailles, au sein de son nouveau si\u00e8ge baptis\u00e9 \u201cLa Canop\u00e9e\u201d. Imagin\u00e9 par Nature &amp; D\u00e9couvertes et l'architecte Patrick Bouchain, le b\u00e2timent accueille aujourd\u2019hui ces deux entreprises engag\u00e9es. Pens\u00e9 comme&hellip;","og_url":"https:\/\/groupe-capvert.com\/es\/le-groupe-cap-vert-sinstalle-a-la-canopee-un-siege-engage-et-rehabilite-au-coeur-de-versailles\/","og_site_name":"Groupe Cap Vert","article_published_time":"2026-04-21T07:25:00+00:00","og_image":[{"width":768,"height":384,"url":"https:\/\/groupe-capvert.com\/wp-content\/uploads\/2026\/04\/Cap-Vert-Versailles-768x384.png","type":"image\/png"}],"author":"s.soussi@groupe-capvert.fr","twitter_card":"summary_large_image","twitter_misc":{"Escrito por":"s.soussi@groupe-capvert.fr","Tiempo de lectura":"6 minutos"},"schema":{"@context":"https:\/\/schema.org","@graph":[{"@type":"Article","@id":"https:\/\/groupe-capvert.com\/es\/le-groupe-cap-vert-sinstalle-a-la-canopee-un-siege-engage-et-rehabilite-au-coeur-de-versailles\/#article","isPartOf":{"@id":"https:\/\/groupe-capvert.com\/es\/le-groupe-cap-vert-sinstalle-a-la-canopee-un-siege-engage-et-rehabilite-au-coeur-de-versailles\/"},"author":{"name":"s.soussi@groupe-capvert.fr","@id":"https:\/\/groupe-capvert.com\/#\/schema\/person\/fd43b3a51203a44ca8f3f552209a974a"},"headline":"Le Groupe Cap Vert s\u2019installe \u00e0 \u201cLa Canop\u00e9e\u201d, un si\u00e8ge engag\u00e9 et r\u00e9habilit\u00e9 au c\u0153ur de Versailles","datePublished":"2026-04-21T07:25:00+00:00","mainEntityOfPage":{"@id":"https:\/\/groupe-capvert.com\/es\/le-groupe-cap-vert-sinstalle-a-la-canopee-un-siege-engage-et-rehabilite-au-coeur-de-versailles\/"},"wordCount":1136,"publisher":{"@id":"https:\/\/groupe-capvert.com\/#organization"},"image":{"@id":"https:\/\/groupe-capvert.com\/es\/le-groupe-cap-vert-sinstalle-a-la-canopee-un-siege-engage-et-rehabilite-au-coeur-de-versailles\/#primaryimage"},"thumbnailUrl":"https:\/\/groupe-capvert.com\/wp-content\/uploads\/2026\/04\/Cap-Vert-Versailles-scaled.png","articleSection":["Actualit\u00e9s"],"inLanguage":"es"},{"@type":"WebPage","@id":"https:\/\/groupe-capvert.com\/es\/le-groupe-cap-vert-sinstalle-a-la-canopee-un-siege-engage-et-rehabilite-au-coeur-de-versailles\/","url":"https:\/\/groupe-capvert.com\/es\/le-groupe-cap-vert-sinstalle-a-la-canopee-un-siege-engage-et-rehabilite-au-coeur-de-versailles\/","name":"Le Groupe Cap Vert s\u2019installe \u00e0 \u201cLa Canop\u00e9e\u201d, un si\u00e8ge engag\u00e9 et r\u00e9habilit\u00e9 au c\u0153ur de Versailles - Groupe Cap Vert","isPartOf":{"@id":"https:\/\/groupe-capvert.com\/#website"},"primaryImageOfPage":{"@id":"https:\/\/groupe-capvert.com\/es\/le-groupe-cap-vert-sinstalle-a-la-canopee-un-siege-engage-et-rehabilite-au-coeur-de-versailles\/#primaryimage"},"image":{"@id":"https:\/\/groupe-capvert.com\/es\/le-groupe-cap-vert-sinstalle-a-la-canopee-un-siege-engage-et-rehabilite-au-coeur-de-versailles\/#primaryimage"},"thumbnailUrl":"https:\/\/groupe-capvert.com\/wp-content\/uploads\/2026\/04\/Cap-Vert-Versailles-scaled.png","datePublished":"2026-04-21T07:25:00+00:00","breadcrumb":{"@id":"https:\/\/groupe-capvert.com\/es\/le-groupe-cap-vert-sinstalle-a-la-canopee-un-siege-engage-et-rehabilite-au-coeur-de-versailles\/#breadcrumb"},"inLanguage":"es","potentialAction":[{"@type":"ReadAction","target":["https:\/\/groupe-capvert.com\/es\/le-groupe-cap-vert-sinstalle-a-la-canopee-un-siege-engage-et-rehabilite-au-coeur-de-versailles\/"]}]},{"@type":"ImageObject","inLanguage":"es","@id":"https:\/\/groupe-capvert.com\/es\/le-groupe-cap-vert-sinstalle-a-la-canopee-un-siege-engage-et-rehabilite-au-coeur-de-versailles\/#primaryimage","url":"https:\/\/groupe-capvert.com\/wp-content\/uploads\/2026\/04\/Cap-Vert-Versailles-scaled.png","contentUrl":"https:\/\/groupe-capvert.com\/wp-content\/uploads\/2026\/04\/Cap-Vert-Versailles-scaled.png","width":2560,"height":1280},{"@type":"BreadcrumbList","@id":"https:\/\/groupe-capvert.com\/es\/le-groupe-cap-vert-sinstalle-a-la-canopee-un-siege-engage-et-rehabilite-au-coeur-de-versailles\/#breadcrumb","itemListElement":[{"@type":"ListItem","position":1,"name":"Accueil","item":"https:\/\/groupe-capvert.com\/"},{"@type":"ListItem","position":2,"name":"Actualit\u00e9s","item":"https:\/\/groupe-capvert.com\/category\/actualites\/"},{"@type":"ListItem","position":3,"name":"Le Groupe Cap Vert s\u2019installe \u00e0 \u201cLa Canop\u00e9e\u201d, un si\u00e8ge engag\u00e9 et r\u00e9habilit\u00e9 au c\u0153ur de Versailles"}]},{"@type":"WebSite","@id":"https:\/\/groupe-capvert.com\/es\/#website","url":"https:\/\/groupe-capvert.com\/es\/","name":"Groupe Cap Vert","description":"","publisher":{"@id":"https:\/\/groupe-capvert.com\/es\/#organization"},"potentialAction":[{"@type":"SearchAction","target":{"@type":"EntryPoint","urlTemplate":"https:\/\/groupe-capvert.com\/es\/?s={search_term_string}"},"query-input":{"@type":"PropertyValueSpecification","valueRequired":true,"valueName":"search_term_string"}}],"inLanguage":"es"},{"@type":"Organization","@id":"https:\/\/groupe-capvert.com\/es\/#organization","name":"Groupe Cap Vert","url":"https:\/\/groupe-capvert.com\/es\/","logo":{"@type":"ImageObject","inLanguage":"es","@id":"https:\/\/groupe-capvert.com\/es\/#\/schema\/logo\/image\/","url":"https:\/\/groupe-capvert.com\/wp-content\/uploads\/2023\/10\/logo.png","contentUrl":"https:\/\/groupe-capvert.com\/wp-content\/uploads\/2023\/10\/logo.png","width":763,"height":354,"caption":"Groupe Cap Vert"},"image":{"@id":"https:\/\/groupe-capvert.com\/es\/#\/schema\/logo\/image\/"},"sameAs":["https:\/\/www.linkedin.com\/company\/groupe-capvert"]},{"@type":"Person","@id":"https:\/\/groupe-capvert.com\/#\/schema\/person\/fd43b3a51203a44ca8f3f552209a974a","name":"s.soussi@groupe-capvert.fr","image":{"@type":"ImageObject","inLanguage":"es","@id":"https:\/\/groupe-capvert.com\/#\/schema\/person\/image\/","url":"https:\/\/secure.gravatar.com\/avatar\/381160f480d7133366abbbcba78de06fe5c532f970dee6c6dd532e3edae61570?s=96&d=mm&r=g","contentUrl":"https:\/\/secure.gravatar.com\/avatar\/381160f480d7133366abbbcba78de06fe5c532f970dee6c6dd532e3edae61570?s=96&d=mm&r=g","caption":"s.soussi@groupe-capvert.fr"},"url":"https:\/\/groupe-capvert.com\/es\/author\/s-soussigroupe-capvert-fr\/"}]}},"parent_category":"Actualit\u00e9s","child_category":null,"child_slug":null,"_links":{"self":[{"href":"https:\/\/groupe-capvert.com\/es\/wp-json\/wp\/v2\/posts\/8375","targetHints":{"allow":["GET"]}}],"collection":[{"href":"https:\/\/groupe-capvert.com\/es\/wp-json\/wp\/v2\/posts"}],"about":[{"href":"https:\/\/groupe-capvert.com\/es\/wp-json\/wp\/v2\/types\/post"}],"author":[{"embeddable":true,"href":"https:\/\/groupe-capvert.com\/es\/wp-json\/wp\/v2\/users\/2"}],"replies":[{"embeddable":true,"href":"https:\/\/groupe-capvert.com\/es\/wp-json\/wp\/v2\/comments?post=8375"}],"version-history":[{"count":2,"href":"https:\/\/groupe-capvert.com\/es\/wp-json\/wp\/v2\/posts\/8375\/revisions"}],"predecessor-version":[{"id":8379,"href":"https:\/\/groupe-capvert.com\/es\/wp-json\/wp\/v2\/posts\/8375\/revisions\/8379"}],"wp:featuredmedia":[{"embeddable":true,"href":"https:\/\/groupe-capvert.com\/es\/wp-json\/wp\/v2\/media\/8377"}],"wp:attachment":[{"href":"https:\/\/groupe-capvert.com\/es\/wp-json\/wp\/v2\/media?parent=8375"}],"wp:term":[{"taxonomy":"category","embeddable":true,"href":"https:\/\/groupe-capvert.com\/es\/wp-json\/wp\/v2\/categories?post=8375"},{"taxonomy":"post_tag","embeddable":true,"href":"https:\/\/groupe-capvert.com\/es\/wp-json\/wp\/v2\/tags?post=8375"}],"curies":[{"name":"wp","href":"https:\/\/api.w.org\/{rel}","templated":true}]}}