{"id":1187,"date":"2023-09-21T18:10:46","date_gmt":"2023-09-21T16:10:46","guid":{"rendered":"https:\/\/groupe-capvert.com\/?p=1187"},"modified":"2025-10-03T15:26:36","modified_gmt":"2025-10-03T13:26:36","slug":"foret-de-lile-de-france","status":"publish","type":"post","link":"https:\/\/groupe-capvert.com\/es\/foret-de-lile-de-france\/","title":{"rendered":"For\u00eat de l'\u00cele-de-France"},"content":{"rendered":"\n<p>Soci\u00e9t\u00e9 historique qui a particip\u00e9 \u00e0 la cr\u00e9ation de ce m\u00e9tier, For\u00eat de l\u2019\u00cele-de-France est sp\u00e9cialis\u00e9e dans le domaine de l\u2019\u00e9lagage et de l\u2019abattage d\u2019arbres.<\/p>\n\n\n\n<p>L\u2019entreprise intervient au niveau national. Elle est constitu\u00e9e du si\u00e8ge social \u00e0 Ris-Orangis, et de trois agences : CTS \u00e0 Pau, Elag Conseil 33 \u00e0 Lacanau, Oxyg\u00e8ne \u00e0 Illkirch-Graffenstaden, l\u2019agence FIF \u00e0 Nancy.<\/p>\n","protected":false},"excerpt":{"rendered":"<p>Soci\u00e9t\u00e9 historique qui a particip\u00e9 \u00e0 la cr\u00e9ation de ce m\u00e9tier, For\u00eat de l\u2019\u00cele-de-France est sp\u00e9cialis\u00e9e dans le domaine de l\u2019\u00e9lagage et de l\u2019abattage d\u2019arbres. L\u2019entreprise intervient au niveau national. Elle est constitu\u00e9e du si\u00e8ge social \u00e0 Ris-Orangis, et de trois agences : CTS \u00e0 Pau, Elag Conseil 33 \u00e0 Lacanau, Oxyg\u00e8ne \u00e0 Illkirch-Graffenstaden, l\u2019agence [&hellip;]<\/p>\n","protected":false},"author":1,"featured_media":0,"comment_status":"closed","ping_status":"open","sticky":false,"template":"","format":"standard","meta":{"_acf_changed":false,"footnotes":""},"categories":[11,45,18],"tags":[],"class_list":["post-1187","post","type-post","status-publish","format-standard","hentry","category-societes","category-ile-de-france","category-soins-des-arbres"],"acf":{"date_de_creation":"1983","date_de_rachat":"2006","chiffres":"<p>Plus de 8 M\u20ac de CA<br \/>\n80 collaborateurs<\/p>\n","logo":{"ID":7358,"id":7358,"title":"logo Fore\u2560\u00e9t IDF-RVB","filename":"logo-Fore\u2560et-IDF-RVB-e1729606132501.png","filesize":165982,"url":"https:\/\/groupe-capvert.com\/wp-content\/uploads\/2023\/09\/logo-Fore\u2560et-IDF-RVB-e1729606132501.png","link":"https:\/\/groupe-capvert.com\/es\/foret-de-lile-de-france\/logo-fore%e2%95%a0et-idf-rvb\/","alt":"","author":"2","description":"","caption":"","name":"logo-fore%e2%95%a0et-idf-rvb","status":"inherit","uploaded_to":1187,"date":"2024-10-22 14:07:23","modified":"2024-10-22 14:07:23","menu_order":0,"mime_type":"image\/png","type":"image","subtype":"png","icon":"https:\/\/groupe-capvert.com\/wp-includes\/images\/media\/default.png","width":906,"height":848,"sizes":{"thumbnail":"https:\/\/groupe-capvert.com\/wp-content\/uploads\/2023\/09\/logo-Fore\u2560et-IDF-RVB-e1729606132501-500x300.png","thumbnail-width":500,"thumbnail-height":300,"medium":"https:\/\/groupe-capvert.com\/wp-content\/uploads\/2023\/09\/logo-Fore\u2560et-IDF-RVB-e1729606132501-300x281.png","medium-width":300,"medium-height":281,"medium_large":"https:\/\/groupe-capvert.com\/wp-content\/uploads\/2023\/09\/logo-Fore\u2560et-IDF-RVB-e1729606132501-768x719.png","medium_large-width":768,"medium_large-height":719,"large":"https:\/\/groupe-capvert.com\/wp-content\/uploads\/2023\/09\/logo-Fore\u2560et-IDF-RVB-e1729606132501.png","large-width":906,"large-height":848,"1536x1536":"https:\/\/groupe-capvert.com\/wp-content\/uploads\/2023\/09\/logo-Fore\u2560et-IDF-RVB-e1729606132501.png","1536x1536-width":906,"1536x1536-height":848,"2048x2048":"https:\/\/groupe-capvert.com\/wp-content\/uploads\/2023\/09\/logo-Fore\u2560et-IDF-RVB-e1729606132501.png","2048x2048-width":906,"2048x2048-height":848,"1920-1080":"https:\/\/groupe-capvert.com\/wp-content\/uploads\/2023\/09\/logo-Fore\u2560et-IDF-RVB-e1729606132501.png","1920-1080-width":906,"1920-1080-height":848,"1000-600":"https:\/\/groupe-capvert.com\/wp-content\/uploads\/2023\/09\/logo-Fore\u2560et-IDF-RVB-e1729606132501-906x600.png","1000-600-width":906,"1000-600-height":600}},"carte":{"ID":3119,"id":3119,"title":"map_foret-ile-de-france","filename":"map_foret-ile-de-france-1.svg","filesize":52237,"url":"https:\/\/groupe-capvert.com\/wp-content\/uploads\/2023\/09\/map_foret-ile-de-france-1.svg","link":"https:\/\/groupe-capvert.com\/es\/foret-de-lile-de-france\/map_foret-ile-de-france\/","alt":"","author":"1","description":"","caption":"","name":"map_foret-ile-de-france","status":"inherit","uploaded_to":1187,"date":"2023-10-17 17:55:28","modified":"2023-10-17 17:55:28","menu_order":0,"mime_type":"image\/svg+xml","type":"image","subtype":"svg+xml","icon":"https:\/\/groupe-capvert.com\/wp-includes\/images\/media\/default.png","width":162,"height":180,"sizes":{"thumbnail":"https:\/\/groupe-capvert.com\/wp-content\/uploads\/2023\/09\/map_foret-ile-de-france-1.svg","thumbnail-width":162,"thumbnail-height":180,"medium":"https:\/\/groupe-capvert.com\/wp-content\/uploads\/2023\/09\/map_foret-ile-de-france-1.svg","medium-width":162,"medium-height":180,"medium_large":"https:\/\/groupe-capvert.com\/wp-content\/uploads\/2023\/09\/map_foret-ile-de-france-1.svg","medium_large-width":162,"medium_large-height":180,"large":"https:\/\/groupe-capvert.com\/wp-content\/uploads\/2023\/09\/map_foret-ile-de-france-1.svg","large-width":162,"large-height":180,"1536x1536":"https:\/\/groupe-capvert.com\/wp-content\/uploads\/2023\/09\/map_foret-ile-de-france-1.svg","1536x1536-width":162,"1536x1536-height":180,"2048x2048":"https:\/\/groupe-capvert.com\/wp-content\/uploads\/2023\/09\/map_foret-ile-de-france-1.svg","2048x2048-width":162,"2048x2048-height":180,"1920-1080":"https:\/\/groupe-capvert.com\/wp-content\/uploads\/2023\/09\/map_foret-ile-de-france-1.svg","1920-1080-width":162,"1920-1080-height":180,"1000-600":"https:\/\/groupe-capvert.com\/wp-content\/uploads\/2023\/09\/map_foret-ile-de-france-1.svg","1000-600-width":162,"1000-600-height":180}},"adresse":"<p>4 avenue Ambroise Croizat<br \/>\n91130 Ris-Orangis<br \/>\n<a href=\"http:\/\/www.foret-idf.fr\" target=\"_blank\" rel=\"noopener\">www.foret-idf.fr<\/a><br \/>\n<a href=\"mailto:contact@foret-idf.fr\">contact@foret-idf.fr<\/a><\/p>\n","agences":"","contacts":"<p>Fran\u00e7ois Vecchiarelli<br \/>\n<a href=\"mailto:f.vecchiarelli@foret-idf.com\">f.vecchiarelli@foret-idf.com<\/a><\/p>\n","clients":"<ul>\n<li>Professionnels<\/li>\n<li>Collectivit\u00e9s<\/li>\n<li>Syndics<\/li>\n<li>Ch\u00e2teaux<\/li>\n<li>Particuliers<\/li>\n<\/ul>\n","competences":"<p><strong>Travaux arboricoles<\/strong><\/p>\n<ul>\n<li>\u00c9lagage \/ Abattage<\/li>\n<li>Essouchage<\/li>\n<li>Haubanage<\/li>\n<li>Travaux forestiers<\/li>\n<li>Travaux fluviaux<\/li>\n<\/ul>\n<p><strong>Travaux d\u2019entretien<\/strong><\/p>\n<ul>\n<li>Taille<\/li>\n<li>D\u00e9broussaillage \/ Fauchage<\/li>\n<li>D\u00e9sherbage<\/li>\n<li>Soins arboricoles<\/li>\n<\/ul>\n","img_a_la_une":{"ID":2825,"id":2825,"title":"Foret_ile_de_france1","filename":"foret_ile_de_france1.jpg","filesize":637192,"url":"https:\/\/groupe-capvert.com\/wp-content\/uploads\/2023\/09\/foret_ile_de_france1.jpg","link":"https:\/\/groupe-capvert.com\/es\/foret-de-lile-de-france\/foret_ile_de_france1\/","alt":"","author":"1","description":"Taille<br\/>Entretien platanes<br\/>\r\nClass\u00e9 monument historique<br\/>\r\nConseil d\u00e9partemental<br\/>\r\nde Seine et Marne<br\/>\r\nVaux-le-Vicomte","caption":"","name":"foret_ile_de_france1","status":"inherit","uploaded_to":1187,"date":"2023-10-17 13:56:58","modified":"2024-05-26 15:43:23","menu_order":0,"mime_type":"image\/jpg","type":"image","subtype":"jpg","icon":"https:\/\/groupe-capvert.com\/wp-includes\/images\/media\/default.png","width":1920,"height":1080,"sizes":{"thumbnail":"https:\/\/groupe-capvert.com\/wp-content\/uploads\/2023\/09\/foret_ile_de_france1-500x300.jpg","thumbnail-width":500,"thumbnail-height":300,"medium":"https:\/\/groupe-capvert.com\/wp-content\/uploads\/2023\/09\/foret_ile_de_france1-300x169.jpg","medium-width":300,"medium-height":169,"medium_large":"https:\/\/groupe-capvert.com\/wp-content\/uploads\/2023\/09\/foret_ile_de_france1-768x432.jpg","medium_large-width":768,"medium_large-height":432,"large":"https:\/\/groupe-capvert.com\/wp-content\/uploads\/2023\/09\/foret_ile_de_france1.jpg","large-width":1920,"large-height":1080,"1536x1536":"https:\/\/groupe-capvert.com\/wp-content\/uploads\/2023\/09\/foret_ile_de_france1.jpg","1536x1536-width":1536,"1536x1536-height":864,"2048x2048":"https:\/\/groupe-capvert.com\/wp-content\/uploads\/2023\/09\/foret_ile_de_france1.jpg","2048x2048-width":1920,"2048x2048-height":1080,"1920-1080":"https:\/\/groupe-capvert.com\/wp-content\/uploads\/2023\/09\/foret_ile_de_france1.jpg","1920-1080-width":1920,"1920-1080-height":1080,"1000-600":"https:\/\/groupe-capvert.com\/wp-content\/uploads\/2023\/09\/foret_ile_de_france1.jpg","1000-600-width":1000,"1000-600-height":563}},"categorie_metier":"","Localisation":{"lat":48.80686349999999862347976886667311191558837890625,"lng":7.20153809999999960922423269948922097682952880859375,"zoom":7,"markers":[{"label":"FIF","default_label":"Avenue Ambroise Croizat, 91130 Ris-Orangis, France \u00cele-de-France","lat":48.63229030000000108202584669925272464752197265625,"lng":2.398151400000000155188217831891961395740509033203125,"geocode":[{"name":"Avenue Ambroise Croizat, Ris-Orangis, \u00c9vry, Essonne, \u00cele-de-France, France m\u00e9tropolitaine, 91130, France","html":"Avenue Ambroise Croizat, 91130 Ris-Orangis, France \u00cele-de-France","bbox":{"_southWest":{"lat":48.63133549999999871715772314928472042083740234375,"lng":2.39604030000000012279315342311747372150421142578125},"_northEast":{"lat":48.6323608000000007223206921480596065521240234375,"lng":2.400066600000000160974877871922217309474945068359375}},"center":{"lat":48.63229033626787867206076043657958507537841796875,"lng":2.39815140878432675464182466384954750537872314453125},"properties":{"place_id":87521155,"licence":"Data \u00a9 OpenStreetMap contributors, ODbL 1.0. http:\/\/osm.org\/copyright","osm_type":"way","osm_id":31237693,"lat":"48.63229033626788","lon":"2.3981514087843268","class":"highway","type":"unclassified","place_rank":26,"importance":0.053396102082856451709336198518940364010632038116455078125,"addresstype":"road","name":"Avenue Ambroise Croizat","display_name":"Avenue Ambroise Croizat, Ris-Orangis, \u00c9vry, Essonne, \u00cele-de-France, France m\u00e9tropolitaine, 91130, France","address":{"road":"Avenue Ambroise Croizat","town":"Ris-Orangis","municipality":"\u00c9vry","county":"Essonne","ISO3166-2-lvl6":"FR-91","state":"\u00cele-de-France","ISO3166-2-lvl4":"FR-IDF","region":"France m\u00e9tropolitaine","postcode":"91130","country":"France","country_code":"fr","building":"","house_number":"","city":"","village":"","hamlet":""},"boundingbox":[48.63133549999999871715772314928472042083740234375,48.6323608000000007223206921480596065521240234375,2.39604030000000012279315342311747372150421142578125,2.400066600000000160974877871922217309474945068359375]}}],"uuid":"marker_672de9b0a87b0"},{"label":"FIF","default_label":"Nancy, France Grand Est","lat":48.69372229999999746041794423945248126983642578125,"lng":6.1834097000000003419017957639880478382110595703125,"geocode":[{"name":"Nancy, Meurthe-et-Moselle, Grand Est, France m\u00e9tropolitaine, France","html":"Nancy, France Grand Est","bbox":{"_southWest":{"lat":48.6669059999999973342710291035473346710205078125,"lng":6.1342920000000003000195647473447024822235107421875},"_northEast":{"lat":48.7092348999999984471287461929023265838623046875,"lng":6.21261880000000044077523853047750890254974365234375}},"center":{"lat":48.69372229999999746041794423945248126983642578125,"lng":6.1834097000000003419017957639880478382110595703125},"properties":{"place_id":110402039,"licence":"Data \u00a9 OpenStreetMap contributors, ODbL 1.0. http:\/\/osm.org\/copyright","osm_type":"relation","osm_id":52399,"lat":"48.6937223","lon":"6.1834097","class":"boundary","type":"administrative","place_rank":16,"importance":0.66894269331783673404601131551316939294338226318359375,"addresstype":"city","name":"Nancy","display_name":"Nancy, Meurthe-et-Moselle, Grand Est, France m\u00e9tropolitaine, France","address":{"city":"Nancy","municipality":"Nancy","county":"Meurthe-et-Moselle","ISO3166-2-lvl6":"FR-54","state":"Grand Est","ISO3166-2-lvl4":"FR-GES","region":"France m\u00e9tropolitaine","country":"France","country_code":"fr","building":"","road":"","house_number":"","postcode":"","town":"","village":"","hamlet":""},"boundingbox":[48.6669059999999973342710291035473346710205078125,48.7092348999999984471287461929023265838623046875,6.1342920000000003000195647473447024822235107421875,6.21261880000000044077523853047750890254974365234375]}}],"uuid":"marker_672dec2f19cbc"},{"label":"FIF Ets. Elag Conseil 33","default_label":"33680 Lacanau, France Nouvelle-Aquitaine","lat":44.9776087999999987232513376511633396148681640625,"lng":-1.0784850999999999743295120424591004848480224609375,"geocode":[{"name":"Lacanau, Lesparre-M\u00e9doc, Gironde, Nouvelle-Aquitaine, France m\u00e9tropolitaine, 33680, France","html":"33680 Lacanau, France Nouvelle-Aquitaine","bbox":{"_southWest":{"lat":44.90738549999999662531990907154977321624755859375,"lng":-1.2142370000000000107576170194079168140888214111328125},"_northEast":{"lat":45.068326200000001335865817964076995849609375,"lng":-0.977643299999999992877519616740755736827850341796875}},"center":{"lat":44.9776087999999987232513376511633396148681640625,"lng":-1.0784850999999999743295120424591004848480224609375},"properties":{"place_id":267988476,"licence":"Data \u00a9 OpenStreetMap contributors, ODbL 1.0. http:\/\/osm.org\/copyright","osm_type":"relation","osm_id":963193,"lat":"44.9776088","lon":"-1.0784851","class":"boundary","type":"administrative","place_rank":16,"importance":0.5669707324831769756912080993060953915119171142578125,"addresstype":"village","name":"Lacanau","display_name":"Lacanau, Lesparre-M\u00e9doc, Gironde, Nouvelle-Aquitaine, France m\u00e9tropolitaine, 33680, France","address":{"village":"Lacanau","municipality":"Lesparre-M\u00e9doc","county":"Gironde","ISO3166-2-lvl6":"FR-33","state":"Nouvelle-Aquitaine","ISO3166-2-lvl4":"FR-NAQ","region":"France m\u00e9tropolitaine","postcode":"33680","country":"France","country_code":"fr","building":"","road":"","house_number":"","city":"","town":"","hamlet":""},"boundingbox":[44.90738549999999662531990907154977321624755859375,45.068326200000001335865817964076995849609375,-1.2142370000000000107576170194079168140888214111328125,-0.977643299999999992877519616740755736827850341796875]}}],"uuid":"marker_672dec7d19cbd"},{"label":"FIF Ets. CTS","default_label":"64000 Pau, France Nouvelle-Aquitaine","lat":43.295754700000003367676981724798679351806640625,"lng":-0.368566800000000027726088092094869352877140045166015625,"geocode":[{"name":"Pau, Pyr\u00e9n\u00e9es-Atlantiques, Nouvelle-Aquitaine, France m\u00e9tropolitaine, 64000, France","html":"64000 Pau, France Nouvelle-Aquitaine","bbox":{"_southWest":{"lat":43.28577920000000034406184568069875240325927734375,"lng":-0.392551299999999991907628782428218983113765716552734375},"_northEast":{"lat":43.358039300000001503576640971004962921142578125,"lng":-0.2943048999999999804089156896225176751613616943359375}},"center":{"lat":43.295754700000003367676981724798679351806640625,"lng":-0.368566800000000027726088092094869352877140045166015625},"properties":{"place_id":269369051,"licence":"Data \u00a9 OpenStreetMap contributors, ODbL 1.0. http:\/\/osm.org\/copyright","osm_type":"relation","osm_id":162431,"lat":"43.2957547","lon":"-0.3685668","class":"boundary","type":"administrative","place_rank":16,"importance":0.64804208571739663202748715775669552385807037353515625,"addresstype":"town","name":"Pau","display_name":"Pau, Pyr\u00e9n\u00e9es-Atlantiques, Nouvelle-Aquitaine, France m\u00e9tropolitaine, 64000, France","address":{"town":"Pau","municipality":"Pau","county":"Pyr\u00e9n\u00e9es-Atlantiques","ISO3166-2-lvl6":"FR-64","state":"Nouvelle-Aquitaine","ISO3166-2-lvl4":"FR-NAQ","region":"France m\u00e9tropolitaine","postcode":"64000","country":"France","country_code":"fr","building":"","road":"","house_number":"","city":"","village":"","hamlet":""},"boundingbox":[43.28577920000000034406184568069875240325927734375,43.358039300000001503576640971004962921142578125,-0.392551299999999991907628782428218983113765716552734375,-0.2943048999999999804089156896225176751613616943359375]}}],"uuid":"marker_672decd219cbe"},{"label":"FIF Oxyg\u00e8ne","default_label":"D 214, 67530 Ottrott, France Grand Est","lat":48.44719440000000076906871981918811798095703125,"lng":7.327880900000000252703102887608110904693603515625,"geocode":[{"name":"D 214, Ottrott, Molsheim, Bas-Rhin, Grand Est, France m\u00e9tropolitaine, 67530, France","html":"D 214, 67530 Ottrott, France Grand Est","center":{"lat":48.44417010000000090030880528502166271209716796875,"lng":7.32803839999999961918319968390278518199920654296875},"bbox":{"_southWest":{"lat":48.44417010000000090030880528502166271209716796875,"lng":7.32803839999999961918319968390278518199920654296875},"_northEast":{"lat":48.44417010000000090030880528502166271209716796875,"lng":7.32803839999999961918319968390278518199920654296875}},"properties":{"place_id":110117785,"licence":"Data \u00a9 OpenStreetMap contributors, ODbL 1.0. http:\/\/osm.org\/copyright","osm_type":"way","osm_id":862969705,"lat":"48.4441701","lon":"7.3280384","class":"highway","type":"secondary","place_rank":26,"importance":0.053397878233005229009489056579695898108184337615966796875,"addresstype":"road","name":"D 214","display_name":"D 214, Ottrott, Molsheim, Bas-Rhin, Grand Est, France m\u00e9tropolitaine, 67530, France","address":{"road":"D 214","village":"Ottrott","municipality":"Molsheim","county":"Bas-Rhin","ISO3166-2-lvl6":"FR-67","state":"Grand Est","ISO3166-2-lvl4":"FR-GES","region":"France m\u00e9tropolitaine","postcode":"67530","country":"France","country_code":"fr","building":"","house_number":"","city":"","town":"","hamlet":""},"boundingbox":["48.4287295","48.4441701","7.3160075","7.3283420"]}}],"uuid":"marker_672e153f44869"}],"address":"FIF","layers":["OpenStreetMap.Mapnik"],"version":"1.6.1","center_lat":48.80686349999999862347976886667311191558837890625,"center_lng":7.20153809999999960922423269948922097682952880859375},"photo_gallery":{"gallery":[[]],"galerie_1":[[],[{"id":6543,"title":"foret_ile_de_france1","caption":"Taille<br\/>\r\nEntretien platanes<br\/>\r\nClass\u00e9 monument historique<br\/>\r\nConseil d\u00e9partemental<br\/>\r\nde Seine et Marne<br\/>\r\nVaux-le-Vicomte","full_image_url":"https:\/\/groupe-capvert.com\/wp-content\/uploads\/2023\/09\/foret_ile_de_france1-1.jpg","thumbnail_image_url":"https:\/\/groupe-capvert.com\/wp-content\/uploads\/2023\/09\/foret_ile_de_france1-1-500x300.jpg","large_srcset":"https:\/\/groupe-capvert.com\/wp-content\/uploads\/2023\/09\/foret_ile_de_france1-1.jpg 1920w, https:\/\/groupe-capvert.com\/wp-content\/uploads\/2023\/09\/foret_ile_de_france1-1-300x117.jpg 300w, https:\/\/groupe-capvert.com\/wp-content\/uploads\/2023\/09\/foret_ile_de_france1-1-768x300.jpg 768w","medium_srcset":"https:\/\/groupe-capvert.com\/wp-content\/uploads\/2023\/09\/foret_ile_de_france1-1-300x117.jpg 300w, https:\/\/groupe-capvert.com\/wp-content\/uploads\/2023\/09\/foret_ile_de_france1-1-768x300.jpg 768w, https:\/\/groupe-capvert.com\/wp-content\/uploads\/2023\/09\/foret_ile_de_france1-1.jpg 1920w","media_details":{"width":1920,"height":750,"sizes":{"medium":{"file":"foret_ile_de_france1-1-300x117.jpg","width":300,"height":117,"mime-type":"image\/jpeg","filesize":15922,"source_url":"https:\/\/groupe-capvert.com\/wp-content\/uploads\/2023\/09\/foret_ile_de_france1-1-300x117.jpg"},"thumbnail":{"file":"foret_ile_de_france1-1-500x300.jpg","width":500,"height":300,"mime-type":"image\/jpeg","filesize":59715,"source_url":"https:\/\/groupe-capvert.com\/wp-content\/uploads\/2023\/09\/foret_ile_de_france1-1-500x300.jpg"},"medium_large":{"file":"foret_ile_de_france1-1-768x300.jpg","width":768,"height":300,"mime-type":"image\/jpeg","filesize":88288,"source_url":"https:\/\/groupe-capvert.com\/wp-content\/uploads\/2023\/09\/foret_ile_de_france1-1-768x300.jpg"},"1000-600":{"file":"foret_ile_de_france1-1-1000x600.jpg","width":1000,"height":600,"mime-type":"image\/jpeg","filesize":195688,"source_url":"https:\/\/groupe-capvert.com\/wp-content\/uploads\/2023\/09\/foret_ile_de_france1-1-1000x600.jpg"},"cmplz_banner_image":{"file":"foret_ile_de_france1-1-350x100.jpg","width":350,"height":100,"mime-type":"image\/jpeg","filesize":15598,"source_url":"https:\/\/groupe-capvert.com\/wp-content\/uploads\/2023\/09\/foret_ile_de_france1-1-350x100.jpg"}}},"alt_text":"","url":"","target":""}]],"galerie_2":[[],[{"id":6543,"title":"foret_ile_de_france1","caption":"Taille<br\/>\r\nEntretien platanes<br\/>\r\nClass\u00e9 monument historique<br\/>\r\nConseil d\u00e9partemental<br\/>\r\nde Seine et Marne<br\/>\r\nVaux-le-Vicomte","full_image_url":"https:\/\/groupe-capvert.com\/wp-content\/uploads\/2023\/09\/foret_ile_de_france1-1.jpg","thumbnail_image_url":"https:\/\/groupe-capvert.com\/wp-content\/uploads\/2023\/09\/foret_ile_de_france1-1-500x300.jpg","large_srcset":"https:\/\/groupe-capvert.com\/wp-content\/uploads\/2023\/09\/foret_ile_de_france1-1.jpg 1920w, https:\/\/groupe-capvert.com\/wp-content\/uploads\/2023\/09\/foret_ile_de_france1-1-300x117.jpg 300w, https:\/\/groupe-capvert.com\/wp-content\/uploads\/2023\/09\/foret_ile_de_france1-1-768x300.jpg 768w","medium_srcset":"https:\/\/groupe-capvert.com\/wp-content\/uploads\/2023\/09\/foret_ile_de_france1-1-300x117.jpg 300w, https:\/\/groupe-capvert.com\/wp-content\/uploads\/2023\/09\/foret_ile_de_france1-1-768x300.jpg 768w, https:\/\/groupe-capvert.com\/wp-content\/uploads\/2023\/09\/foret_ile_de_france1-1.jpg 1920w","media_details":{"width":1920,"height":750,"sizes":{"medium":{"file":"foret_ile_de_france1-1-300x117.jpg","width":300,"height":117,"mime-type":"image\/jpeg","filesize":15922,"source_url":"https:\/\/groupe-capvert.com\/wp-content\/uploads\/2023\/09\/foret_ile_de_france1-1-300x117.jpg"},"thumbnail":{"file":"foret_ile_de_france1-1-500x300.jpg","width":500,"height":300,"mime-type":"image\/jpeg","filesize":59715,"source_url":"https:\/\/groupe-capvert.com\/wp-content\/uploads\/2023\/09\/foret_ile_de_france1-1-500x300.jpg"},"medium_large":{"file":"foret_ile_de_france1-1-768x300.jpg","width":768,"height":300,"mime-type":"image\/jpeg","filesize":88288,"source_url":"https:\/\/groupe-capvert.com\/wp-content\/uploads\/2023\/09\/foret_ile_de_france1-1-768x300.jpg"},"1000-600":{"file":"foret_ile_de_france1-1-1000x600.jpg","width":1000,"height":600,"mime-type":"image\/jpeg","filesize":195688,"source_url":"https:\/\/groupe-capvert.com\/wp-content\/uploads\/2023\/09\/foret_ile_de_france1-1-1000x600.jpg"},"cmplz_banner_image":{"file":"foret_ile_de_france1-1-350x100.jpg","width":350,"height":100,"mime-type":"image\/jpeg","filesize":15598,"source_url":"https:\/\/groupe-capvert.com\/wp-content\/uploads\/2023\/09\/foret_ile_de_france1-1-350x100.jpg"}}},"alt_text":"","url":"","target":""}],[{"id":2863,"title":"Foret_ile_de_france_2","caption":"D\u00e9montage<br\/>\nGrue de levage d\u2019un h\u00eatre pourpre<br\/>\nParticulier<br\/>\nS\u00e8vres","full_image_url":"https:\/\/groupe-capvert.com\/wp-content\/uploads\/2023\/09\/foret_ile_de_france_2.jpg","thumbnail_image_url":"https:\/\/groupe-capvert.com\/wp-content\/uploads\/2023\/09\/foret_ile_de_france_2-500x300.jpg","large_srcset":"https:\/\/groupe-capvert.com\/wp-content\/uploads\/2023\/09\/foret_ile_de_france_2.jpg 1920w, https:\/\/groupe-capvert.com\/wp-content\/uploads\/2023\/09\/foret_ile_de_france_2-300x169.jpg 300w, https:\/\/groupe-capvert.com\/wp-content\/uploads\/2023\/09\/foret_ile_de_france_2-768x432.jpg 768w","medium_srcset":"https:\/\/groupe-capvert.com\/wp-content\/uploads\/2023\/09\/foret_ile_de_france_2-300x169.jpg 300w, https:\/\/groupe-capvert.com\/wp-content\/uploads\/2023\/09\/foret_ile_de_france_2-768x432.jpg 768w, https:\/\/groupe-capvert.com\/wp-content\/uploads\/2023\/09\/foret_ile_de_france_2.jpg 1920w","media_details":{"width":1920,"height":1080,"sizes":{"medium":{"file":"foret_ile_de_france_2-300x169.jpg","width":300,"height":169,"mime-type":"image\/jpeg","filesize":24395,"source_url":"https:\/\/groupe-capvert.com\/wp-content\/uploads\/2023\/09\/foret_ile_de_france_2-300x169.jpg"},"thumbnail":{"file":"foret_ile_de_france_2-500x300.jpg","width":500,"height":300,"mime-type":"image\/jpeg","filesize":66115,"source_url":"https:\/\/groupe-capvert.com\/wp-content\/uploads\/2023\/09\/foret_ile_de_france_2-500x300.jpg"},"medium_large":{"file":"foret_ile_de_france_2-768x432.jpg","width":768,"height":432,"mime-type":"image\/jpeg","filesize":132764,"source_url":"https:\/\/groupe-capvert.com\/wp-content\/uploads\/2023\/09\/foret_ile_de_france_2-768x432.jpg"}}},"alt_text":"","url":"","target":""}]],"galerie_3":[[],[{"id":6543,"title":"foret_ile_de_france1","caption":"Taille<br\/>\r\nEntretien platanes<br\/>\r\nClass\u00e9 monument historique<br\/>\r\nConseil d\u00e9partemental<br\/>\r\nde Seine et Marne<br\/>\r\nVaux-le-Vicomte","full_image_url":"https:\/\/groupe-capvert.com\/wp-content\/uploads\/2023\/09\/foret_ile_de_france1-1.jpg","thumbnail_image_url":"https:\/\/groupe-capvert.com\/wp-content\/uploads\/2023\/09\/foret_ile_de_france1-1-500x300.jpg","large_srcset":"https:\/\/groupe-capvert.com\/wp-content\/uploads\/2023\/09\/foret_ile_de_france1-1.jpg 1920w, https:\/\/groupe-capvert.com\/wp-content\/uploads\/2023\/09\/foret_ile_de_france1-1-300x117.jpg 300w, https:\/\/groupe-capvert.com\/wp-content\/uploads\/2023\/09\/foret_ile_de_france1-1-768x300.jpg 768w","medium_srcset":"https:\/\/groupe-capvert.com\/wp-content\/uploads\/2023\/09\/foret_ile_de_france1-1-300x117.jpg 300w, https:\/\/groupe-capvert.com\/wp-content\/uploads\/2023\/09\/foret_ile_de_france1-1-768x300.jpg 768w, https:\/\/groupe-capvert.com\/wp-content\/uploads\/2023\/09\/foret_ile_de_france1-1.jpg 1920w","media_details":{"width":1920,"height":750,"sizes":{"medium":{"file":"foret_ile_de_france1-1-300x117.jpg","width":300,"height":117,"mime-type":"image\/jpeg","filesize":15922,"source_url":"https:\/\/groupe-capvert.com\/wp-content\/uploads\/2023\/09\/foret_ile_de_france1-1-300x117.jpg"},"thumbnail":{"file":"foret_ile_de_france1-1-500x300.jpg","width":500,"height":300,"mime-type":"image\/jpeg","filesize":59715,"source_url":"https:\/\/groupe-capvert.com\/wp-content\/uploads\/2023\/09\/foret_ile_de_france1-1-500x300.jpg"},"medium_large":{"file":"foret_ile_de_france1-1-768x300.jpg","width":768,"height":300,"mime-type":"image\/jpeg","filesize":88288,"source_url":"https:\/\/groupe-capvert.com\/wp-content\/uploads\/2023\/09\/foret_ile_de_france1-1-768x300.jpg"},"1000-600":{"file":"foret_ile_de_france1-1-1000x600.jpg","width":1000,"height":600,"mime-type":"image\/jpeg","filesize":195688,"source_url":"https:\/\/groupe-capvert.com\/wp-content\/uploads\/2023\/09\/foret_ile_de_france1-1-1000x600.jpg"},"cmplz_banner_image":{"file":"foret_ile_de_france1-1-350x100.jpg","width":350,"height":100,"mime-type":"image\/jpeg","filesize":15598,"source_url":"https:\/\/groupe-capvert.com\/wp-content\/uploads\/2023\/09\/foret_ile_de_france1-1-350x100.jpg"}}},"alt_text":"","url":"","target":""}],[{"id":2863,"title":"Foret_ile_de_france_2","caption":"D\u00e9montage<br\/>\nGrue de levage d\u2019un h\u00eatre pourpre<br\/>\nParticulier<br\/>\nS\u00e8vres","full_image_url":"https:\/\/groupe-capvert.com\/wp-content\/uploads\/2023\/09\/foret_ile_de_france_2.jpg","thumbnail_image_url":"https:\/\/groupe-capvert.com\/wp-content\/uploads\/2023\/09\/foret_ile_de_france_2-500x300.jpg","large_srcset":"https:\/\/groupe-capvert.com\/wp-content\/uploads\/2023\/09\/foret_ile_de_france_2.jpg 1920w, https:\/\/groupe-capvert.com\/wp-content\/uploads\/2023\/09\/foret_ile_de_france_2-300x169.jpg 300w, https:\/\/groupe-capvert.com\/wp-content\/uploads\/2023\/09\/foret_ile_de_france_2-768x432.jpg 768w","medium_srcset":"https:\/\/groupe-capvert.com\/wp-content\/uploads\/2023\/09\/foret_ile_de_france_2-300x169.jpg 300w, https:\/\/groupe-capvert.com\/wp-content\/uploads\/2023\/09\/foret_ile_de_france_2-768x432.jpg 768w, https:\/\/groupe-capvert.com\/wp-content\/uploads\/2023\/09\/foret_ile_de_france_2.jpg 1920w","media_details":{"width":1920,"height":1080,"sizes":{"medium":{"file":"foret_ile_de_france_2-300x169.jpg","width":300,"height":169,"mime-type":"image\/jpeg","filesize":24395,"source_url":"https:\/\/groupe-capvert.com\/wp-content\/uploads\/2023\/09\/foret_ile_de_france_2-300x169.jpg"},"thumbnail":{"file":"foret_ile_de_france_2-500x300.jpg","width":500,"height":300,"mime-type":"image\/jpeg","filesize":66115,"source_url":"https:\/\/groupe-capvert.com\/wp-content\/uploads\/2023\/09\/foret_ile_de_france_2-500x300.jpg"},"medium_large":{"file":"foret_ile_de_france_2-768x432.jpg","width":768,"height":432,"mime-type":"image\/jpeg","filesize":132764,"source_url":"https:\/\/groupe-capvert.com\/wp-content\/uploads\/2023\/09\/foret_ile_de_france_2-768x432.jpg"}}},"alt_text":"","url":"","target":""}],[{"id":2807,"title":"Foret_ile_de_france_3","caption":"Taille<br\/>\nAll\u00e8gement tilleul du parc du Ch\u00e2teau d\u2019Orfrasi\u00e8re<br\/>\nConseil d\u00e9partemental des Hauts-de-Seine<br\/>\nNouzilly","full_image_url":"https:\/\/groupe-capvert.com\/wp-content\/uploads\/2023\/09\/foret_ile_de_france_3.jpg","thumbnail_image_url":"https:\/\/groupe-capvert.com\/wp-content\/uploads\/2023\/09\/foret_ile_de_france_3-500x300.jpg","large_srcset":"https:\/\/groupe-capvert.com\/wp-content\/uploads\/2023\/09\/foret_ile_de_france_3.jpg 1920w, https:\/\/groupe-capvert.com\/wp-content\/uploads\/2023\/09\/foret_ile_de_france_3-300x169.jpg 300w, https:\/\/groupe-capvert.com\/wp-content\/uploads\/2023\/09\/foret_ile_de_france_3-768x432.jpg 768w","medium_srcset":"https:\/\/groupe-capvert.com\/wp-content\/uploads\/2023\/09\/foret_ile_de_france_3-300x169.jpg 300w, https:\/\/groupe-capvert.com\/wp-content\/uploads\/2023\/09\/foret_ile_de_france_3-768x432.jpg 768w, https:\/\/groupe-capvert.com\/wp-content\/uploads\/2023\/09\/foret_ile_de_france_3.jpg 1920w","media_details":{"width":1920,"height":1080,"sizes":{"medium":{"file":"foret_ile_de_france_3-300x169.jpg","width":300,"height":169,"mime-type":"image\/jpeg","filesize":20868,"source_url":"https:\/\/groupe-capvert.com\/wp-content\/uploads\/2023\/09\/foret_ile_de_france_3-300x169.jpg"},"thumbnail":{"file":"foret_ile_de_france_3-500x300.jpg","width":500,"height":300,"mime-type":"image\/jpeg","filesize":57323,"source_url":"https:\/\/groupe-capvert.com\/wp-content\/uploads\/2023\/09\/foret_ile_de_france_3-500x300.jpg"},"medium_large":{"file":"foret_ile_de_france_3-768x432.jpg","width":768,"height":432,"mime-type":"image\/jpeg","filesize":114472,"source_url":"https:\/\/groupe-capvert.com\/wp-content\/uploads\/2023\/09\/foret_ile_de_france_3-768x432.jpg"}}},"alt_text":"","url":"","target":""}]],"galerie_4":[[],[{"id":6543,"title":"foret_ile_de_france1","caption":"Taille<br\/>\r\nEntretien platanes<br\/>\r\nClass\u00e9 monument historique<br\/>\r\nConseil d\u00e9partemental<br\/>\r\nde Seine et Marne<br\/>\r\nVaux-le-Vicomte","full_image_url":"https:\/\/groupe-capvert.com\/wp-content\/uploads\/2023\/09\/foret_ile_de_france1-1.jpg","thumbnail_image_url":"https:\/\/groupe-capvert.com\/wp-content\/uploads\/2023\/09\/foret_ile_de_france1-1-500x300.jpg","large_srcset":"https:\/\/groupe-capvert.com\/wp-content\/uploads\/2023\/09\/foret_ile_de_france1-1.jpg 1920w, https:\/\/groupe-capvert.com\/wp-content\/uploads\/2023\/09\/foret_ile_de_france1-1-300x117.jpg 300w, https:\/\/groupe-capvert.com\/wp-content\/uploads\/2023\/09\/foret_ile_de_france1-1-768x300.jpg 768w","medium_srcset":"https:\/\/groupe-capvert.com\/wp-content\/uploads\/2023\/09\/foret_ile_de_france1-1-300x117.jpg 300w, https:\/\/groupe-capvert.com\/wp-content\/uploads\/2023\/09\/foret_ile_de_france1-1-768x300.jpg 768w, https:\/\/groupe-capvert.com\/wp-content\/uploads\/2023\/09\/foret_ile_de_france1-1.jpg 1920w","media_details":{"width":1920,"height":750,"sizes":{"medium":{"file":"foret_ile_de_france1-1-300x117.jpg","width":300,"height":117,"mime-type":"image\/jpeg","filesize":15922,"source_url":"https:\/\/groupe-capvert.com\/wp-content\/uploads\/2023\/09\/foret_ile_de_france1-1-300x117.jpg"},"thumbnail":{"file":"foret_ile_de_france1-1-500x300.jpg","width":500,"height":300,"mime-type":"image\/jpeg","filesize":59715,"source_url":"https:\/\/groupe-capvert.com\/wp-content\/uploads\/2023\/09\/foret_ile_de_france1-1-500x300.jpg"},"medium_large":{"file":"foret_ile_de_france1-1-768x300.jpg","width":768,"height":300,"mime-type":"image\/jpeg","filesize":88288,"source_url":"https:\/\/groupe-capvert.com\/wp-content\/uploads\/2023\/09\/foret_ile_de_france1-1-768x300.jpg"},"1000-600":{"file":"foret_ile_de_france1-1-1000x600.jpg","width":1000,"height":600,"mime-type":"image\/jpeg","filesize":195688,"source_url":"https:\/\/groupe-capvert.com\/wp-content\/uploads\/2023\/09\/foret_ile_de_france1-1-1000x600.jpg"},"cmplz_banner_image":{"file":"foret_ile_de_france1-1-350x100.jpg","width":350,"height":100,"mime-type":"image\/jpeg","filesize":15598,"source_url":"https:\/\/groupe-capvert.com\/wp-content\/uploads\/2023\/09\/foret_ile_de_france1-1-350x100.jpg"}}},"alt_text":"","url":"","target":""}],[{"id":2863,"title":"Foret_ile_de_france_2","caption":"D\u00e9montage<br\/>\nGrue de levage d\u2019un h\u00eatre pourpre<br\/>\nParticulier<br\/>\nS\u00e8vres","full_image_url":"https:\/\/groupe-capvert.com\/wp-content\/uploads\/2023\/09\/foret_ile_de_france_2.jpg","thumbnail_image_url":"https:\/\/groupe-capvert.com\/wp-content\/uploads\/2023\/09\/foret_ile_de_france_2-500x300.jpg","large_srcset":"https:\/\/groupe-capvert.com\/wp-content\/uploads\/2023\/09\/foret_ile_de_france_2.jpg 1920w, https:\/\/groupe-capvert.com\/wp-content\/uploads\/2023\/09\/foret_ile_de_france_2-300x169.jpg 300w, https:\/\/groupe-capvert.com\/wp-content\/uploads\/2023\/09\/foret_ile_de_france_2-768x432.jpg 768w","medium_srcset":"https:\/\/groupe-capvert.com\/wp-content\/uploads\/2023\/09\/foret_ile_de_france_2-300x169.jpg 300w, https:\/\/groupe-capvert.com\/wp-content\/uploads\/2023\/09\/foret_ile_de_france_2-768x432.jpg 768w, https:\/\/groupe-capvert.com\/wp-content\/uploads\/2023\/09\/foret_ile_de_france_2.jpg 1920w","media_details":{"width":1920,"height":1080,"sizes":{"medium":{"file":"foret_ile_de_france_2-300x169.jpg","width":300,"height":169,"mime-type":"image\/jpeg","filesize":24395,"source_url":"https:\/\/groupe-capvert.com\/wp-content\/uploads\/2023\/09\/foret_ile_de_france_2-300x169.jpg"},"thumbnail":{"file":"foret_ile_de_france_2-500x300.jpg","width":500,"height":300,"mime-type":"image\/jpeg","filesize":66115,"source_url":"https:\/\/groupe-capvert.com\/wp-content\/uploads\/2023\/09\/foret_ile_de_france_2-500x300.jpg"},"medium_large":{"file":"foret_ile_de_france_2-768x432.jpg","width":768,"height":432,"mime-type":"image\/jpeg","filesize":132764,"source_url":"https:\/\/groupe-capvert.com\/wp-content\/uploads\/2023\/09\/foret_ile_de_france_2-768x432.jpg"}}},"alt_text":"","url":"","target":""}],[{"id":2807,"title":"Foret_ile_de_france_3","caption":"Taille<br\/>\nAll\u00e8gement tilleul du parc du Ch\u00e2teau d\u2019Orfrasi\u00e8re<br\/>\nConseil d\u00e9partemental des Hauts-de-Seine<br\/>\nNouzilly","full_image_url":"https:\/\/groupe-capvert.com\/wp-content\/uploads\/2023\/09\/foret_ile_de_france_3.jpg","thumbnail_image_url":"https:\/\/groupe-capvert.com\/wp-content\/uploads\/2023\/09\/foret_ile_de_france_3-500x300.jpg","large_srcset":"https:\/\/groupe-capvert.com\/wp-content\/uploads\/2023\/09\/foret_ile_de_france_3.jpg 1920w, https:\/\/groupe-capvert.com\/wp-content\/uploads\/2023\/09\/foret_ile_de_france_3-300x169.jpg 300w, https:\/\/groupe-capvert.com\/wp-content\/uploads\/2023\/09\/foret_ile_de_france_3-768x432.jpg 768w","medium_srcset":"https:\/\/groupe-capvert.com\/wp-content\/uploads\/2023\/09\/foret_ile_de_france_3-300x169.jpg 300w, https:\/\/groupe-capvert.com\/wp-content\/uploads\/2023\/09\/foret_ile_de_france_3-768x432.jpg 768w, https:\/\/groupe-capvert.com\/wp-content\/uploads\/2023\/09\/foret_ile_de_france_3.jpg 1920w","media_details":{"width":1920,"height":1080,"sizes":{"medium":{"file":"foret_ile_de_france_3-300x169.jpg","width":300,"height":169,"mime-type":"image\/jpeg","filesize":20868,"source_url":"https:\/\/groupe-capvert.com\/wp-content\/uploads\/2023\/09\/foret_ile_de_france_3-300x169.jpg"},"thumbnail":{"file":"foret_ile_de_france_3-500x300.jpg","width":500,"height":300,"mime-type":"image\/jpeg","filesize":57323,"source_url":"https:\/\/groupe-capvert.com\/wp-content\/uploads\/2023\/09\/foret_ile_de_france_3-500x300.jpg"},"medium_large":{"file":"foret_ile_de_france_3-768x432.jpg","width":768,"height":432,"mime-type":"image\/jpeg","filesize":114472,"source_url":"https:\/\/groupe-capvert.com\/wp-content\/uploads\/2023\/09\/foret_ile_de_france_3-768x432.jpg"}}},"alt_text":"","url":"","target":""}],[{"id":2786,"title":"Foret_ile_de_france_4","caption":"Taille<br\/>C\u00e8dre de la cour centrale du golf de La Boulie<br\/>Versailles","full_image_url":"https:\/\/groupe-capvert.com\/wp-content\/uploads\/2023\/09\/foret_ile_de_france_4.jpg","thumbnail_image_url":"https:\/\/groupe-capvert.com\/wp-content\/uploads\/2023\/09\/foret_ile_de_france_4-500x300.jpg","large_srcset":"https:\/\/groupe-capvert.com\/wp-content\/uploads\/2023\/09\/foret_ile_de_france_4.jpg 1920w, https:\/\/groupe-capvert.com\/wp-content\/uploads\/2023\/09\/foret_ile_de_france_4-300x169.jpg 300w, https:\/\/groupe-capvert.com\/wp-content\/uploads\/2023\/09\/foret_ile_de_france_4-768x432.jpg 768w","medium_srcset":"https:\/\/groupe-capvert.com\/wp-content\/uploads\/2023\/09\/foret_ile_de_france_4-300x169.jpg 300w, https:\/\/groupe-capvert.com\/wp-content\/uploads\/2023\/09\/foret_ile_de_france_4-768x432.jpg 768w, https:\/\/groupe-capvert.com\/wp-content\/uploads\/2023\/09\/foret_ile_de_france_4.jpg 1920w","media_details":{"width":1920,"height":1080,"sizes":{"medium":{"file":"foret_ile_de_france_4-300x169.jpg","width":300,"height":169,"mime-type":"image\/jpeg","filesize":20724,"source_url":"https:\/\/groupe-capvert.com\/wp-content\/uploads\/2023\/09\/foret_ile_de_france_4-300x169.jpg"},"thumbnail":{"file":"foret_ile_de_france_4-500x300.jpg","width":500,"height":300,"mime-type":"image\/jpeg","filesize":54698,"source_url":"https:\/\/groupe-capvert.com\/wp-content\/uploads\/2023\/09\/foret_ile_de_france_4-500x300.jpg"},"medium_large":{"file":"foret_ile_de_france_4-768x432.jpg","width":768,"height":432,"mime-type":"image\/jpeg","filesize":107296,"source_url":"https:\/\/groupe-capvert.com\/wp-content\/uploads\/2023\/09\/foret_ile_de_france_4-768x432.jpg"}}},"alt_text":"","url":"","target":""}]],"galerie_5":[[],[{"id":6543,"title":"foret_ile_de_france1","caption":"Taille<br\/>\r\nEntretien platanes<br\/>\r\nClass\u00e9 monument historique<br\/>\r\nConseil d\u00e9partemental<br\/>\r\nde Seine et Marne<br\/>\r\nVaux-le-Vicomte","full_image_url":"https:\/\/groupe-capvert.com\/wp-content\/uploads\/2023\/09\/foret_ile_de_france1-1.jpg","thumbnail_image_url":"https:\/\/groupe-capvert.com\/wp-content\/uploads\/2023\/09\/foret_ile_de_france1-1-500x300.jpg","large_srcset":"https:\/\/groupe-capvert.com\/wp-content\/uploads\/2023\/09\/foret_ile_de_france1-1.jpg 1920w, https:\/\/groupe-capvert.com\/wp-content\/uploads\/2023\/09\/foret_ile_de_france1-1-300x117.jpg 300w, https:\/\/groupe-capvert.com\/wp-content\/uploads\/2023\/09\/foret_ile_de_france1-1-768x300.jpg 768w","medium_srcset":"https:\/\/groupe-capvert.com\/wp-content\/uploads\/2023\/09\/foret_ile_de_france1-1-300x117.jpg 300w, https:\/\/groupe-capvert.com\/wp-content\/uploads\/2023\/09\/foret_ile_de_france1-1-768x300.jpg 768w, https:\/\/groupe-capvert.com\/wp-content\/uploads\/2023\/09\/foret_ile_de_france1-1.jpg 1920w","media_details":{"width":1920,"height":750,"sizes":{"medium":{"file":"foret_ile_de_france1-1-300x117.jpg","width":300,"height":117,"mime-type":"image\/jpeg","filesize":15922,"source_url":"https:\/\/groupe-capvert.com\/wp-content\/uploads\/2023\/09\/foret_ile_de_france1-1-300x117.jpg"},"thumbnail":{"file":"foret_ile_de_france1-1-500x300.jpg","width":500,"height":300,"mime-type":"image\/jpeg","filesize":59715,"source_url":"https:\/\/groupe-capvert.com\/wp-content\/uploads\/2023\/09\/foret_ile_de_france1-1-500x300.jpg"},"medium_large":{"file":"foret_ile_de_france1-1-768x300.jpg","width":768,"height":300,"mime-type":"image\/jpeg","filesize":88288,"source_url":"https:\/\/groupe-capvert.com\/wp-content\/uploads\/2023\/09\/foret_ile_de_france1-1-768x300.jpg"},"1000-600":{"file":"foret_ile_de_france1-1-1000x600.jpg","width":1000,"height":600,"mime-type":"image\/jpeg","filesize":195688,"source_url":"https:\/\/groupe-capvert.com\/wp-content\/uploads\/2023\/09\/foret_ile_de_france1-1-1000x600.jpg"},"cmplz_banner_image":{"file":"foret_ile_de_france1-1-350x100.jpg","width":350,"height":100,"mime-type":"image\/jpeg","filesize":15598,"source_url":"https:\/\/groupe-capvert.com\/wp-content\/uploads\/2023\/09\/foret_ile_de_france1-1-350x100.jpg"}}},"alt_text":"","url":"","target":""}],[{"id":2863,"title":"Foret_ile_de_france_2","caption":"D\u00e9montage<br\/>\nGrue de levage d\u2019un h\u00eatre pourpre<br\/>\nParticulier<br\/>\nS\u00e8vres","full_image_url":"https:\/\/groupe-capvert.com\/wp-content\/uploads\/2023\/09\/foret_ile_de_france_2.jpg","thumbnail_image_url":"https:\/\/groupe-capvert.com\/wp-content\/uploads\/2023\/09\/foret_ile_de_france_2-500x300.jpg","large_srcset":"https:\/\/groupe-capvert.com\/wp-content\/uploads\/2023\/09\/foret_ile_de_france_2.jpg 1920w, https:\/\/groupe-capvert.com\/wp-content\/uploads\/2023\/09\/foret_ile_de_france_2-300x169.jpg 300w, https:\/\/groupe-capvert.com\/wp-content\/uploads\/2023\/09\/foret_ile_de_france_2-768x432.jpg 768w","medium_srcset":"https:\/\/groupe-capvert.com\/wp-content\/uploads\/2023\/09\/foret_ile_de_france_2-300x169.jpg 300w, https:\/\/groupe-capvert.com\/wp-content\/uploads\/2023\/09\/foret_ile_de_france_2-768x432.jpg 768w, https:\/\/groupe-capvert.com\/wp-content\/uploads\/2023\/09\/foret_ile_de_france_2.jpg 1920w","media_details":{"width":1920,"height":1080,"sizes":{"medium":{"file":"foret_ile_de_france_2-300x169.jpg","width":300,"height":169,"mime-type":"image\/jpeg","filesize":24395,"source_url":"https:\/\/groupe-capvert.com\/wp-content\/uploads\/2023\/09\/foret_ile_de_france_2-300x169.jpg"},"thumbnail":{"file":"foret_ile_de_france_2-500x300.jpg","width":500,"height":300,"mime-type":"image\/jpeg","filesize":66115,"source_url":"https:\/\/groupe-capvert.com\/wp-content\/uploads\/2023\/09\/foret_ile_de_france_2-500x300.jpg"},"medium_large":{"file":"foret_ile_de_france_2-768x432.jpg","width":768,"height":432,"mime-type":"image\/jpeg","filesize":132764,"source_url":"https:\/\/groupe-capvert.com\/wp-content\/uploads\/2023\/09\/foret_ile_de_france_2-768x432.jpg"}}},"alt_text":"","url":"","target":""}],[{"id":2807,"title":"Foret_ile_de_france_3","caption":"Taille<br\/>\nAll\u00e8gement tilleul du parc du Ch\u00e2teau d\u2019Orfrasi\u00e8re<br\/>\nConseil d\u00e9partemental des Hauts-de-Seine<br\/>\nNouzilly","full_image_url":"https:\/\/groupe-capvert.com\/wp-content\/uploads\/2023\/09\/foret_ile_de_france_3.jpg","thumbnail_image_url":"https:\/\/groupe-capvert.com\/wp-content\/uploads\/2023\/09\/foret_ile_de_france_3-500x300.jpg","large_srcset":"https:\/\/groupe-capvert.com\/wp-content\/uploads\/2023\/09\/foret_ile_de_france_3.jpg 1920w, https:\/\/groupe-capvert.com\/wp-content\/uploads\/2023\/09\/foret_ile_de_france_3-300x169.jpg 300w, https:\/\/groupe-capvert.com\/wp-content\/uploads\/2023\/09\/foret_ile_de_france_3-768x432.jpg 768w","medium_srcset":"https:\/\/groupe-capvert.com\/wp-content\/uploads\/2023\/09\/foret_ile_de_france_3-300x169.jpg 300w, https:\/\/groupe-capvert.com\/wp-content\/uploads\/2023\/09\/foret_ile_de_france_3-768x432.jpg 768w, https:\/\/groupe-capvert.com\/wp-content\/uploads\/2023\/09\/foret_ile_de_france_3.jpg 1920w","media_details":{"width":1920,"height":1080,"sizes":{"medium":{"file":"foret_ile_de_france_3-300x169.jpg","width":300,"height":169,"mime-type":"image\/jpeg","filesize":20868,"source_url":"https:\/\/groupe-capvert.com\/wp-content\/uploads\/2023\/09\/foret_ile_de_france_3-300x169.jpg"},"thumbnail":{"file":"foret_ile_de_france_3-500x300.jpg","width":500,"height":300,"mime-type":"image\/jpeg","filesize":57323,"source_url":"https:\/\/groupe-capvert.com\/wp-content\/uploads\/2023\/09\/foret_ile_de_france_3-500x300.jpg"},"medium_large":{"file":"foret_ile_de_france_3-768x432.jpg","width":768,"height":432,"mime-type":"image\/jpeg","filesize":114472,"source_url":"https:\/\/groupe-capvert.com\/wp-content\/uploads\/2023\/09\/foret_ile_de_france_3-768x432.jpg"}}},"alt_text":"","url":"","target":""}],[{"id":2786,"title":"Foret_ile_de_france_4","caption":"Taille<br\/>C\u00e8dre de la cour centrale du golf de La Boulie<br\/>Versailles","full_image_url":"https:\/\/groupe-capvert.com\/wp-content\/uploads\/2023\/09\/foret_ile_de_france_4.jpg","thumbnail_image_url":"https:\/\/groupe-capvert.com\/wp-content\/uploads\/2023\/09\/foret_ile_de_france_4-500x300.jpg","large_srcset":"https:\/\/groupe-capvert.com\/wp-content\/uploads\/2023\/09\/foret_ile_de_france_4.jpg 1920w, https:\/\/groupe-capvert.com\/wp-content\/uploads\/2023\/09\/foret_ile_de_france_4-300x169.jpg 300w, https:\/\/groupe-capvert.com\/wp-content\/uploads\/2023\/09\/foret_ile_de_france_4-768x432.jpg 768w","medium_srcset":"https:\/\/groupe-capvert.com\/wp-content\/uploads\/2023\/09\/foret_ile_de_france_4-300x169.jpg 300w, https:\/\/groupe-capvert.com\/wp-content\/uploads\/2023\/09\/foret_ile_de_france_4-768x432.jpg 768w, https:\/\/groupe-capvert.com\/wp-content\/uploads\/2023\/09\/foret_ile_de_france_4.jpg 1920w","media_details":{"width":1920,"height":1080,"sizes":{"medium":{"file":"foret_ile_de_france_4-300x169.jpg","width":300,"height":169,"mime-type":"image\/jpeg","filesize":20724,"source_url":"https:\/\/groupe-capvert.com\/wp-content\/uploads\/2023\/09\/foret_ile_de_france_4-300x169.jpg"},"thumbnail":{"file":"foret_ile_de_france_4-500x300.jpg","width":500,"height":300,"mime-type":"image\/jpeg","filesize":54698,"source_url":"https:\/\/groupe-capvert.com\/wp-content\/uploads\/2023\/09\/foret_ile_de_france_4-500x300.jpg"},"medium_large":{"file":"foret_ile_de_france_4-768x432.jpg","width":768,"height":432,"mime-type":"image\/jpeg","filesize":107296,"source_url":"https:\/\/groupe-capvert.com\/wp-content\/uploads\/2023\/09\/foret_ile_de_france_4-768x432.jpg"}}},"alt_text":"","url":"","target":""}],[]],"galerie_6":[[],[{"id":6543,"title":"foret_ile_de_france1","caption":"Taille<br\/>\r\nEntretien platanes<br\/>\r\nClass\u00e9 monument historique<br\/>\r\nConseil d\u00e9partemental<br\/>\r\nde Seine et Marne<br\/>\r\nVaux-le-Vicomte","full_image_url":"https:\/\/groupe-capvert.com\/wp-content\/uploads\/2023\/09\/foret_ile_de_france1-1.jpg","thumbnail_image_url":"https:\/\/groupe-capvert.com\/wp-content\/uploads\/2023\/09\/foret_ile_de_france1-1-500x300.jpg","large_srcset":"https:\/\/groupe-capvert.com\/wp-content\/uploads\/2023\/09\/foret_ile_de_france1-1.jpg 1920w, https:\/\/groupe-capvert.com\/wp-content\/uploads\/2023\/09\/foret_ile_de_france1-1-300x117.jpg 300w, https:\/\/groupe-capvert.com\/wp-content\/uploads\/2023\/09\/foret_ile_de_france1-1-768x300.jpg 768w","medium_srcset":"https:\/\/groupe-capvert.com\/wp-content\/uploads\/2023\/09\/foret_ile_de_france1-1-300x117.jpg 300w, https:\/\/groupe-capvert.com\/wp-content\/uploads\/2023\/09\/foret_ile_de_france1-1-768x300.jpg 768w, https:\/\/groupe-capvert.com\/wp-content\/uploads\/2023\/09\/foret_ile_de_france1-1.jpg 1920w","media_details":{"width":1920,"height":750,"sizes":{"medium":{"file":"foret_ile_de_france1-1-300x117.jpg","width":300,"height":117,"mime-type":"image\/jpeg","filesize":15922,"source_url":"https:\/\/groupe-capvert.com\/wp-content\/uploads\/2023\/09\/foret_ile_de_france1-1-300x117.jpg"},"thumbnail":{"file":"foret_ile_de_france1-1-500x300.jpg","width":500,"height":300,"mime-type":"image\/jpeg","filesize":59715,"source_url":"https:\/\/groupe-capvert.com\/wp-content\/uploads\/2023\/09\/foret_ile_de_france1-1-500x300.jpg"},"medium_large":{"file":"foret_ile_de_france1-1-768x300.jpg","width":768,"height":300,"mime-type":"image\/jpeg","filesize":88288,"source_url":"https:\/\/groupe-capvert.com\/wp-content\/uploads\/2023\/09\/foret_ile_de_france1-1-768x300.jpg"},"1000-600":{"file":"foret_ile_de_france1-1-1000x600.jpg","width":1000,"height":600,"mime-type":"image\/jpeg","filesize":195688,"source_url":"https:\/\/groupe-capvert.com\/wp-content\/uploads\/2023\/09\/foret_ile_de_france1-1-1000x600.jpg"},"cmplz_banner_image":{"file":"foret_ile_de_france1-1-350x100.jpg","width":350,"height":100,"mime-type":"image\/jpeg","filesize":15598,"source_url":"https:\/\/groupe-capvert.com\/wp-content\/uploads\/2023\/09\/foret_ile_de_france1-1-350x100.jpg"}}},"alt_text":"","url":"","target":""}],[{"id":2863,"title":"Foret_ile_de_france_2","caption":"D\u00e9montage<br\/>\nGrue de levage d\u2019un h\u00eatre pourpre<br\/>\nParticulier<br\/>\nS\u00e8vres","full_image_url":"https:\/\/groupe-capvert.com\/wp-content\/uploads\/2023\/09\/foret_ile_de_france_2.jpg","thumbnail_image_url":"https:\/\/groupe-capvert.com\/wp-content\/uploads\/2023\/09\/foret_ile_de_france_2-500x300.jpg","large_srcset":"https:\/\/groupe-capvert.com\/wp-content\/uploads\/2023\/09\/foret_ile_de_france_2.jpg 1920w, https:\/\/groupe-capvert.com\/wp-content\/uploads\/2023\/09\/foret_ile_de_france_2-300x169.jpg 300w, https:\/\/groupe-capvert.com\/wp-content\/uploads\/2023\/09\/foret_ile_de_france_2-768x432.jpg 768w","medium_srcset":"https:\/\/groupe-capvert.com\/wp-content\/uploads\/2023\/09\/foret_ile_de_france_2-300x169.jpg 300w, https:\/\/groupe-capvert.com\/wp-content\/uploads\/2023\/09\/foret_ile_de_france_2-768x432.jpg 768w, https:\/\/groupe-capvert.com\/wp-content\/uploads\/2023\/09\/foret_ile_de_france_2.jpg 1920w","media_details":{"width":1920,"height":1080,"sizes":{"medium":{"file":"foret_ile_de_france_2-300x169.jpg","width":300,"height":169,"mime-type":"image\/jpeg","filesize":24395,"source_url":"https:\/\/groupe-capvert.com\/wp-content\/uploads\/2023\/09\/foret_ile_de_france_2-300x169.jpg"},"thumbnail":{"file":"foret_ile_de_france_2-500x300.jpg","width":500,"height":300,"mime-type":"image\/jpeg","filesize":66115,"source_url":"https:\/\/groupe-capvert.com\/wp-content\/uploads\/2023\/09\/foret_ile_de_france_2-500x300.jpg"},"medium_large":{"file":"foret_ile_de_france_2-768x432.jpg","width":768,"height":432,"mime-type":"image\/jpeg","filesize":132764,"source_url":"https:\/\/groupe-capvert.com\/wp-content\/uploads\/2023\/09\/foret_ile_de_france_2-768x432.jpg"}}},"alt_text":"","url":"","target":""}],[{"id":2807,"title":"Foret_ile_de_france_3","caption":"Taille<br\/>\nAll\u00e8gement tilleul du parc du Ch\u00e2teau d\u2019Orfrasi\u00e8re<br\/>\nConseil d\u00e9partemental des Hauts-de-Seine<br\/>\nNouzilly","full_image_url":"https:\/\/groupe-capvert.com\/wp-content\/uploads\/2023\/09\/foret_ile_de_france_3.jpg","thumbnail_image_url":"https:\/\/groupe-capvert.com\/wp-content\/uploads\/2023\/09\/foret_ile_de_france_3-500x300.jpg","large_srcset":"https:\/\/groupe-capvert.com\/wp-content\/uploads\/2023\/09\/foret_ile_de_france_3.jpg 1920w, https:\/\/groupe-capvert.com\/wp-content\/uploads\/2023\/09\/foret_ile_de_france_3-300x169.jpg 300w, https:\/\/groupe-capvert.com\/wp-content\/uploads\/2023\/09\/foret_ile_de_france_3-768x432.jpg 768w","medium_srcset":"https:\/\/groupe-capvert.com\/wp-content\/uploads\/2023\/09\/foret_ile_de_france_3-300x169.jpg 300w, https:\/\/groupe-capvert.com\/wp-content\/uploads\/2023\/09\/foret_ile_de_france_3-768x432.jpg 768w, https:\/\/groupe-capvert.com\/wp-content\/uploads\/2023\/09\/foret_ile_de_france_3.jpg 1920w","media_details":{"width":1920,"height":1080,"sizes":{"medium":{"file":"foret_ile_de_france_3-300x169.jpg","width":300,"height":169,"mime-type":"image\/jpeg","filesize":20868,"source_url":"https:\/\/groupe-capvert.com\/wp-content\/uploads\/2023\/09\/foret_ile_de_france_3-300x169.jpg"},"thumbnail":{"file":"foret_ile_de_france_3-500x300.jpg","width":500,"height":300,"mime-type":"image\/jpeg","filesize":57323,"source_url":"https:\/\/groupe-capvert.com\/wp-content\/uploads\/2023\/09\/foret_ile_de_france_3-500x300.jpg"},"medium_large":{"file":"foret_ile_de_france_3-768x432.jpg","width":768,"height":432,"mime-type":"image\/jpeg","filesize":114472,"source_url":"https:\/\/groupe-capvert.com\/wp-content\/uploads\/2023\/09\/foret_ile_de_france_3-768x432.jpg"}}},"alt_text":"","url":"","target":""}],[{"id":2786,"title":"Foret_ile_de_france_4","caption":"Taille<br\/>C\u00e8dre de la cour centrale du golf de La Boulie<br\/>Versailles","full_image_url":"https:\/\/groupe-capvert.com\/wp-content\/uploads\/2023\/09\/foret_ile_de_france_4.jpg","thumbnail_image_url":"https:\/\/groupe-capvert.com\/wp-content\/uploads\/2023\/09\/foret_ile_de_france_4-500x300.jpg","large_srcset":"https:\/\/groupe-capvert.com\/wp-content\/uploads\/2023\/09\/foret_ile_de_france_4.jpg 1920w, https:\/\/groupe-capvert.com\/wp-content\/uploads\/2023\/09\/foret_ile_de_france_4-300x169.jpg 300w, https:\/\/groupe-capvert.com\/wp-content\/uploads\/2023\/09\/foret_ile_de_france_4-768x432.jpg 768w","medium_srcset":"https:\/\/groupe-capvert.com\/wp-content\/uploads\/2023\/09\/foret_ile_de_france_4-300x169.jpg 300w, https:\/\/groupe-capvert.com\/wp-content\/uploads\/2023\/09\/foret_ile_de_france_4-768x432.jpg 768w, https:\/\/groupe-capvert.com\/wp-content\/uploads\/2023\/09\/foret_ile_de_france_4.jpg 1920w","media_details":{"width":1920,"height":1080,"sizes":{"medium":{"file":"foret_ile_de_france_4-300x169.jpg","width":300,"height":169,"mime-type":"image\/jpeg","filesize":20724,"source_url":"https:\/\/groupe-capvert.com\/wp-content\/uploads\/2023\/09\/foret_ile_de_france_4-300x169.jpg"},"thumbnail":{"file":"foret_ile_de_france_4-500x300.jpg","width":500,"height":300,"mime-type":"image\/jpeg","filesize":54698,"source_url":"https:\/\/groupe-capvert.com\/wp-content\/uploads\/2023\/09\/foret_ile_de_france_4-500x300.jpg"},"medium_large":{"file":"foret_ile_de_france_4-768x432.jpg","width":768,"height":432,"mime-type":"image\/jpeg","filesize":107296,"source_url":"https:\/\/groupe-capvert.com\/wp-content\/uploads\/2023\/09\/foret_ile_de_france_4-768x432.jpg"}}},"alt_text":"","url":"","target":""}],[],[]]}},"yoast_head":"<!-- This site is optimized with the Yoast SEO plugin v26.8 - https:\/\/yoast.com\/product\/yoast-seo-wordpress\/ -->\n<title>For\u00eat de l&#039;\u00cele-de-France<\/title>\n<meta name=\"description\" content=\"Soci\u00e9t\u00e9 historique qui a particip\u00e9 \u00e0 la cr\u00e9ation de ce m\u00e9tier, For\u00eat de l\u2019\u00cele-de-France est sp\u00e9cialis\u00e9e dans le domaine de l\u2019\u00e9lagage et de l\u2019abattage d\u2019arbres. L\u2019entreprise intervient au niveau national. Elle est constitu\u00e9e du si\u00e8ge social \u00e0 Ris-Orangis, et de trois agences : CTS \u00e0 Pau, Elag Conseil 33 \u00e0 Lacanau, Oxyg\u00e8ne \u00e0 Illkirch-Graffenstaden, l\u2019agence&hellip;\" \/>\n<meta name=\"robots\" content=\"index, follow, max-snippet:-1, max-image-preview:large, max-video-preview:-1\" \/>\n<link rel=\"canonical\" href=\"\" \/>\n<meta property=\"og:locale\" content=\"es_ES\" \/>\n<meta property=\"og:type\" content=\"article\" \/>\n<meta property=\"og:title\" content=\"For\u00eat de l&#039;\u00cele-de-France\" \/>\n<meta property=\"og:description\" content=\"Soci\u00e9t\u00e9 historique qui a particip\u00e9 \u00e0 la cr\u00e9ation de ce m\u00e9tier, For\u00eat de l\u2019\u00cele-de-France est sp\u00e9cialis\u00e9e dans le domaine de l\u2019\u00e9lagage et de l\u2019abattage d\u2019arbres. L\u2019entreprise intervient au niveau national. Elle est constitu\u00e9e du si\u00e8ge social \u00e0 Ris-Orangis, et de trois agences : CTS \u00e0 Pau, Elag Conseil 33 \u00e0 Lacanau, Oxyg\u00e8ne \u00e0 Illkirch-Graffenstaden, l\u2019agence&hellip;\" \/>\n<meta property=\"og:url\" content=\"https:\/\/groupe-capvert.com\/es\/foret-de-lile-de-france\/\" \/>\n<meta property=\"og:site_name\" content=\"Groupe Cap Vert\" \/>\n<meta property=\"article:published_time\" content=\"2023-09-21T16:10:46+00:00\" \/>\n<meta property=\"article:modified_time\" content=\"2025-10-03T13:26:36+00:00\" \/>\n<meta property=\"og:image\" content=\"https:\/\/groupe-capvert.com\/wp-content\/uploads\/2023\/10\/logo.png\" \/>\n\t<meta property=\"og:image:width\" content=\"763\" \/>\n\t<meta property=\"og:image:height\" content=\"354\" \/>\n\t<meta property=\"og:image:type\" content=\"image\/png\" \/>\n<meta name=\"author\" content=\"facebook@charlieprod.com\" \/>\n<meta name=\"twitter:card\" content=\"summary_large_image\" \/>\n<meta name=\"twitter:label1\" content=\"Escrito por\" \/>\n\t<meta name=\"twitter:data1\" content=\"facebook@charlieprod.com\" \/>\n\t<meta name=\"twitter:label2\" content=\"Tiempo de lectura\" \/>\n\t<meta name=\"twitter:data2\" content=\"1 minuto\" \/>\n<script type=\"application\/ld+json\" class=\"yoast-schema-graph\">{\"@context\":\"https:\/\/schema.org\",\"@graph\":[{\"@type\":\"Article\",\"@id\":\"https:\/\/groupe-capvert.com\/es\/foret-de-lile-de-france\/#article\",\"isPartOf\":{\"@id\":\"https:\/\/groupe-capvert.com\/es\/foret-de-lile-de-france\/\"},\"author\":{\"name\":\"facebook@charlieprod.com\",\"@id\":\"https:\/\/groupe-capvert.com\/#\/schema\/person\/8127f85624e30521ceb2aadf61fa91c2\"},\"headline\":\"For\u00eat de l'\u00cele-de-France\",\"datePublished\":\"2023-09-21T16:10:46+00:00\",\"dateModified\":\"2025-10-03T13:26:36+00:00\",\"mainEntityOfPage\":{\"@id\":\"https:\/\/groupe-capvert.com\/es\/foret-de-lile-de-france\/\"},\"wordCount\":70,\"publisher\":{\"@id\":\"https:\/\/groupe-capvert.com\/#organization\"},\"articleSection\":[\"Experts\",\"\u00cele de France\",\"Soins des arbres\"],\"inLanguage\":\"es\"},{\"@type\":\"WebPage\",\"@id\":\"https:\/\/groupe-capvert.com\/es\/foret-de-lile-de-france\/\",\"url\":\"https:\/\/groupe-capvert.com\/es\/foret-de-lile-de-france\/\",\"name\":\"For\u00eat de l'\u00cele-de-France - Groupe Cap Vert\",\"isPartOf\":{\"@id\":\"https:\/\/groupe-capvert.com\/#website\"},\"datePublished\":\"2023-09-21T16:10:46+00:00\",\"dateModified\":\"2025-10-03T13:26:36+00:00\",\"breadcrumb\":{\"@id\":\"https:\/\/groupe-capvert.com\/es\/foret-de-lile-de-france\/#breadcrumb\"},\"inLanguage\":\"es\",\"potentialAction\":[{\"@type\":\"ReadAction\",\"target\":[\"https:\/\/groupe-capvert.com\/es\/foret-de-lile-de-france\/\"]}]},{\"@type\":\"BreadcrumbList\",\"@id\":\"https:\/\/groupe-capvert.com\/es\/foret-de-lile-de-france\/#breadcrumb\",\"itemListElement\":[{\"@type\":\"ListItem\",\"position\":1,\"name\":\"Accueil\",\"item\":\"https:\/\/groupe-capvert.com\/\"},{\"@type\":\"ListItem\",\"position\":2,\"name\":\"Experts\",\"item\":\"https:\/\/groupe-capvert.com\/category\/societes\/\"},{\"@type\":\"ListItem\",\"position\":3,\"name\":\"Soins des arbres\",\"item\":\"https:\/\/groupe-capvert.com\/category\/soins-des-arbres\/\"},{\"@type\":\"ListItem\",\"position\":4,\"name\":\"For\u00eat de l'\u00cele-de-France\"}]},{\"@type\":\"WebSite\",\"@id\":\"https:\/\/groupe-capvert.com\/es\/#website\",\"url\":\"https:\/\/groupe-capvert.com\/es\/\",\"name\":\"Groupe Cap Vert\",\"description\":\"\",\"publisher\":{\"@id\":\"https:\/\/groupe-capvert.com\/es\/#organization\"},\"potentialAction\":[{\"@type\":\"SearchAction\",\"target\":{\"@type\":\"EntryPoint\",\"urlTemplate\":\"https:\/\/groupe-capvert.com\/es\/?s={search_term_string}\"},\"query-input\":{\"@type\":\"PropertyValueSpecification\",\"valueRequired\":true,\"valueName\":\"search_term_string\"}}],\"inLanguage\":\"es\"},{\"@type\":\"Organization\",\"@id\":\"https:\/\/groupe-capvert.com\/es\/#organization\",\"name\":\"Groupe Cap Vert\",\"url\":\"https:\/\/groupe-capvert.com\/es\/\",\"logo\":{\"@type\":\"ImageObject\",\"inLanguage\":\"es\",\"@id\":\"https:\/\/groupe-capvert.com\/es\/#\/schema\/logo\/image\/\",\"url\":\"https:\/\/groupe-capvert.com\/wp-content\/uploads\/2023\/10\/logo.png\",\"contentUrl\":\"https:\/\/groupe-capvert.com\/wp-content\/uploads\/2023\/10\/logo.png\",\"width\":763,\"height\":354,\"caption\":\"Groupe Cap Vert\"},\"image\":{\"@id\":\"https:\/\/groupe-capvert.com\/es\/#\/schema\/logo\/image\/\"},\"sameAs\":[\"https:\/\/www.linkedin.com\/company\/groupe-capvert\"]},{\"@type\":\"Person\",\"@id\":\"https:\/\/groupe-capvert.com\/#\/schema\/person\/8127f85624e30521ceb2aadf61fa91c2\",\"name\":\"facebook@charlieprod.com\",\"image\":{\"@type\":\"ImageObject\",\"inLanguage\":\"es\",\"@id\":\"https:\/\/groupe-capvert.com\/#\/schema\/person\/image\/\",\"url\":\"https:\/\/secure.gravatar.com\/avatar\/2e99aba860097b9fabbce38241b1b0e1ba079875fff922ba488d6ae8789778f3?s=96&d=mm&r=g\",\"contentUrl\":\"https:\/\/secure.gravatar.com\/avatar\/2e99aba860097b9fabbce38241b1b0e1ba079875fff922ba488d6ae8789778f3?s=96&d=mm&r=g\",\"caption\":\"facebook@charlieprod.com\"},\"sameAs\":[\"https:\/\/groupe-capvert.com\"],\"url\":\"https:\/\/groupe-capvert.com\/es\/author\/facebookcharlieprod-com\/\"}]}<\/script>\n<!-- \/ Yoast SEO plugin. -->","yoast_head_json":{"title":"For\u00eat de l'\u00cele-de-France","description":"Soci\u00e9t\u00e9 historique qui a particip\u00e9 \u00e0 la cr\u00e9ation de ce m\u00e9tier, For\u00eat de l\u2019\u00cele-de-France est sp\u00e9cialis\u00e9e dans le domaine de l\u2019\u00e9lagage et de l\u2019abattage d\u2019arbres. L\u2019entreprise intervient au niveau national. Elle est constitu\u00e9e du si\u00e8ge social \u00e0 Ris-Orangis, et de trois agences : CTS \u00e0 Pau, Elag Conseil 33 \u00e0 Lacanau, Oxyg\u00e8ne \u00e0 Illkirch-Graffenstaden, l\u2019agence&hellip;","robots":{"index":"index","follow":"follow","max-snippet":"max-snippet:-1","max-image-preview":"max-image-preview:large","max-video-preview":"max-video-preview:-1"},"canonical":"Soci\u00e9t\u00e9 historique qui a particip\u00e9 \u00e0 la cr\u00e9ation de ce m\u00e9tier, For\u00eat de l\u2019\u00cele-de-France est sp\u00e9cialis\u00e9e dans le domaine de l\u2019\u00e9lagage et de l\u2019abattage d\u2019arbres. L\u2019entreprise intervient au niveau national. Elle est constitu\u00e9e du si\u00e8ge social \u00e0 Ris-Orangis, et de trois agences : CTS \u00e0 Pau, Elag Conseil 33 \u00e0 Lacanau, Oxyg\u00e8ne \u00e0 Illkirch-Graffenstaden, l\u2019agence&hellip;","og_locale":"es_ES","og_type":"article","og_title":"For\u00eat de l'\u00cele-de-France","og_description":"Soci\u00e9t\u00e9 historique qui a particip\u00e9 \u00e0 la cr\u00e9ation de ce m\u00e9tier, For\u00eat de l\u2019\u00cele-de-France est sp\u00e9cialis\u00e9e dans le domaine de l\u2019\u00e9lagage et de l\u2019abattage d\u2019arbres. L\u2019entreprise intervient au niveau national. Elle est constitu\u00e9e du si\u00e8ge social \u00e0 Ris-Orangis, et de trois agences : CTS \u00e0 Pau, Elag Conseil 33 \u00e0 Lacanau, Oxyg\u00e8ne \u00e0 Illkirch-Graffenstaden, l\u2019agence&hellip;","og_url":"https:\/\/groupe-capvert.com\/es\/foret-de-lile-de-france\/","og_site_name":"Groupe Cap Vert","article_published_time":"2023-09-21T16:10:46+00:00","article_modified_time":"2025-10-03T13:26:36+00:00","og_image":[{"width":763,"height":354,"url":"https:\/\/groupe-capvert.com\/wp-content\/uploads\/2023\/10\/logo.png","type":"image\/png"}],"author":"facebook@charlieprod.com","twitter_card":"summary_large_image","twitter_misc":{"Escrito por":"facebook@charlieprod.com","Tiempo de lectura":"1 minuto"},"schema":{"@context":"https:\/\/schema.org","@graph":[{"@type":"Article","@id":"https:\/\/groupe-capvert.com\/es\/foret-de-lile-de-france\/#article","isPartOf":{"@id":"https:\/\/groupe-capvert.com\/es\/foret-de-lile-de-france\/"},"author":{"name":"facebook@charlieprod.com","@id":"https:\/\/groupe-capvert.com\/#\/schema\/person\/8127f85624e30521ceb2aadf61fa91c2"},"headline":"For\u00eat de l'\u00cele-de-France","datePublished":"2023-09-21T16:10:46+00:00","dateModified":"2025-10-03T13:26:36+00:00","mainEntityOfPage":{"@id":"https:\/\/groupe-capvert.com\/es\/foret-de-lile-de-france\/"},"wordCount":70,"publisher":{"@id":"https:\/\/groupe-capvert.com\/#organization"},"articleSection":["Experts","\u00cele de France","Soins des arbres"],"inLanguage":"es"},{"@type":"WebPage","@id":"https:\/\/groupe-capvert.com\/es\/foret-de-lile-de-france\/","url":"https:\/\/groupe-capvert.com\/es\/foret-de-lile-de-france\/","name":"For\u00eat de l'\u00cele-de-France - Groupe Cap Vert","isPartOf":{"@id":"https:\/\/groupe-capvert.com\/#website"},"datePublished":"2023-09-21T16:10:46+00:00","dateModified":"2025-10-03T13:26:36+00:00","breadcrumb":{"@id":"https:\/\/groupe-capvert.com\/es\/foret-de-lile-de-france\/#breadcrumb"},"inLanguage":"es","potentialAction":[{"@type":"ReadAction","target":["https:\/\/groupe-capvert.com\/es\/foret-de-lile-de-france\/"]}]},{"@type":"BreadcrumbList","@id":"https:\/\/groupe-capvert.com\/es\/foret-de-lile-de-france\/#breadcrumb","itemListElement":[{"@type":"ListItem","position":1,"name":"Accueil","item":"https:\/\/groupe-capvert.com\/"},{"@type":"ListItem","position":2,"name":"Experts","item":"https:\/\/groupe-capvert.com\/category\/societes\/"},{"@type":"ListItem","position":3,"name":"Soins des arbres","item":"https:\/\/groupe-capvert.com\/category\/soins-des-arbres\/"},{"@type":"ListItem","position":4,"name":"For\u00eat de l'\u00cele-de-France"}]},{"@type":"WebSite","@id":"https:\/\/groupe-capvert.com\/es\/#website","url":"https:\/\/groupe-capvert.com\/es\/","name":"Groupe Cap Vert","description":"","publisher":{"@id":"https:\/\/groupe-capvert.com\/es\/#organization"},"potentialAction":[{"@type":"SearchAction","target":{"@type":"EntryPoint","urlTemplate":"https:\/\/groupe-capvert.com\/es\/?s={search_term_string}"},"query-input":{"@type":"PropertyValueSpecification","valueRequired":true,"valueName":"search_term_string"}}],"inLanguage":"es"},{"@type":"Organization","@id":"https:\/\/groupe-capvert.com\/es\/#organization","name":"Groupe Cap Vert","url":"https:\/\/groupe-capvert.com\/es\/","logo":{"@type":"ImageObject","inLanguage":"es","@id":"https:\/\/groupe-capvert.com\/es\/#\/schema\/logo\/image\/","url":"https:\/\/groupe-capvert.com\/wp-content\/uploads\/2023\/10\/logo.png","contentUrl":"https:\/\/groupe-capvert.com\/wp-content\/uploads\/2023\/10\/logo.png","width":763,"height":354,"caption":"Groupe Cap Vert"},"image":{"@id":"https:\/\/groupe-capvert.com\/es\/#\/schema\/logo\/image\/"},"sameAs":["https:\/\/www.linkedin.com\/company\/groupe-capvert"]},{"@type":"Person","@id":"https:\/\/groupe-capvert.com\/#\/schema\/person\/8127f85624e30521ceb2aadf61fa91c2","name":"facebook@charlieprod.com","image":{"@type":"ImageObject","inLanguage":"es","@id":"https:\/\/groupe-capvert.com\/#\/schema\/person\/image\/","url":"https:\/\/secure.gravatar.com\/avatar\/2e99aba860097b9fabbce38241b1b0e1ba079875fff922ba488d6ae8789778f3?s=96&d=mm&r=g","contentUrl":"https:\/\/secure.gravatar.com\/avatar\/2e99aba860097b9fabbce38241b1b0e1ba079875fff922ba488d6ae8789778f3?s=96&d=mm&r=g","caption":"facebook@charlieprod.com"},"sameAs":["https:\/\/groupe-capvert.com"],"url":"https:\/\/groupe-capvert.com\/es\/author\/facebookcharlieprod-com\/"}]}},"parent_category":"Experts","child_category":"Soins des arbres","child_slug":"soins-des-arbres","_links":{"self":[{"href":"https:\/\/groupe-capvert.com\/es\/wp-json\/wp\/v2\/posts\/1187","targetHints":{"allow":["GET"]}}],"collection":[{"href":"https:\/\/groupe-capvert.com\/es\/wp-json\/wp\/v2\/posts"}],"about":[{"href":"https:\/\/groupe-capvert.com\/es\/wp-json\/wp\/v2\/types\/post"}],"author":[{"embeddable":true,"href":"https:\/\/groupe-capvert.com\/es\/wp-json\/wp\/v2\/users\/1"}],"replies":[{"embeddable":true,"href":"https:\/\/groupe-capvert.com\/es\/wp-json\/wp\/v2\/comments?post=1187"}],"version-history":[{"count":28,"href":"https:\/\/groupe-capvert.com\/es\/wp-json\/wp\/v2\/posts\/1187\/revisions"}],"predecessor-version":[{"id":8109,"href":"https:\/\/groupe-capvert.com\/es\/wp-json\/wp\/v2\/posts\/1187\/revisions\/8109"}],"wp:attachment":[{"href":"https:\/\/groupe-capvert.com\/es\/wp-json\/wp\/v2\/media?parent=1187"}],"wp:term":[{"taxonomy":"category","embeddable":true,"href":"https:\/\/groupe-capvert.com\/es\/wp-json\/wp\/v2\/categories?post=1187"},{"taxonomy":"post_tag","embeddable":true,"href":"https:\/\/groupe-capvert.com\/es\/wp-json\/wp\/v2\/tags?post=1187"}],"curies":[{"name":"wp","href":"https:\/\/api.w.org\/{rel}","templated":true}]}}