{"id":4755,"date":"2024-05-06T19:00:38","date_gmt":"2024-05-06T17:00:38","guid":{"rendered":"https:\/\/groupe-capvert.com\/?p=4755"},"modified":"2024-09-03T10:30:43","modified_gmt":"2024-09-03T08:30:43","slug":"niches-ecologiques-et-protection-de-la-faune","status":"publish","type":"post","link":"https:\/\/groupe-capvert.com\/en\/niches-ecologiques-et-protection-de-la-faune\/","title":{"rendered":"Niches \u00e9cologiques et protection de la faune"},"content":{"rendered":"\n<p><strong>Dans le cadre de notre engagement en faveur de la biodiversit\u00e9, nous cr\u00e9ons et entretenons des niches \u00e9cologiques pour prot\u00e9ger la faune locale.<\/strong> <br><br>Ces espaces sp\u00e9cialement am\u00e9nag\u00e9s, comprenant des nichoirs, des \u00e9curoducs, des hibernaculums, des barrages \u00e0 batraciens, des garennes et bien d&#8217;autres, favorisent l&#8217;installation et le maintien des petits animaux en milieu urbain et p\u00e9ri-urbain. En offrant des habitats s\u00fbrs et adapt\u00e9s, nous contribuons \u00e0 pr\u00e9server la diversit\u00e9 et l&#8217;\u00e9quilibre des \u00e9cosyst\u00e8mes tout en sensibilisant les populations \u00e0 l&#8217;importance de la cohabitation harmonieuse avec la faune locale.<\/p>\n","protected":false},"excerpt":{"rendered":"<p>Dans le cadre de notre engagement en faveur de la biodiversit\u00e9, nous cr\u00e9ons et entretenons des niches \u00e9cologiques pour prot\u00e9ger la faune locale. Ces espaces sp\u00e9cialement am\u00e9nag\u00e9s, comprenant des nichoirs, des \u00e9curoducs, des hibernaculums, des barrages \u00e0 batraciens, des garennes et bien d&#8217;autres, favorisent l&#8217;installation et le maintien des petits animaux en milieu urbain et [&hellip;]<\/p>\n","protected":false},"author":1,"featured_media":6359,"comment_status":"closed","ping_status":"open","sticky":false,"template":"","format":"standard","meta":{"_acf_changed":false,"footnotes":""},"categories":[35],"tags":[],"class_list":["post-4755","post","type-post","status-publish","format-standard","has-post-thumbnail","hentry","category-environnementales"],"acf":{"photo_gallery":{"gallery":[[]]}},"yoast_head":"<!-- This site is optimized with the Yoast SEO plugin v26.8 - https:\/\/yoast.com\/product\/yoast-seo-wordpress\/ -->\n<title>Niches \u00e9cologiques et protection de la faune<\/title>\n<meta name=\"description\" content=\"Dans le cadre de notre engagement en faveur de la biodiversit\u00e9, nous cr\u00e9ons et entretenons des niches \u00e9cologiques pour prot\u00e9ger la faune locale. Ces espaces sp\u00e9cialement am\u00e9nag\u00e9s, comprenant des nichoirs, des \u00e9curoducs, des hibernaculums, des barrages \u00e0 batraciens, des garennes et bien d&#039;autres, favorisent l&#039;installation et le maintien des petits animaux en milieu urbain et&hellip;\" \/>\n<meta name=\"robots\" content=\"index, follow, max-snippet:-1, max-image-preview:large, max-video-preview:-1\" \/>\n<link rel=\"canonical\" href=\"http:\/\/Dans%20le%20cadre%20de%20notre%20engagement%20en%20faveur%20de%20la%20biodiversit\u00e9,%20nous%20cr\u00e9ons%20et%20entretenons%20des%20niches%20\u00e9cologiques%20pour%20prot\u00e9ger%20la%20faune%20locale.%20Ces%20espaces%20sp\u00e9cialement%20am\u00e9nag\u00e9s,%20comprenant%20des%20nichoirs,%20des%20\u00e9curoducs,%20des%20hibernaculums,%20des%20barrages%20\u00e0%20batraciens,%20des%20garennes%20et%20bien%20d'autres,%20favorisent%20l'installation%20et%20le%20maintien%20des%20petits%20animaux%20en%20milieu%20urbain%20et&hellip;\" \/>\n<meta property=\"og:locale\" content=\"en_GB\" \/>\n<meta property=\"og:type\" content=\"article\" \/>\n<meta property=\"og:title\" content=\"Niches \u00e9cologiques et protection de la faune\" \/>\n<meta property=\"og:description\" content=\"Dans le cadre de notre engagement en faveur de la biodiversit\u00e9, nous cr\u00e9ons et entretenons des niches \u00e9cologiques pour prot\u00e9ger la faune locale. Ces espaces sp\u00e9cialement am\u00e9nag\u00e9s, comprenant des nichoirs, des \u00e9curoducs, des hibernaculums, des barrages \u00e0 batraciens, des garennes et bien d&#039;autres, favorisent l&#039;installation et le maintien des petits animaux en milieu urbain et&hellip;\" \/>\n<meta property=\"og:url\" content=\"https:\/\/groupe-capvert.com\/en\/niches-ecologiques-et-protection-de-la-faune\/\" \/>\n<meta property=\"og:site_name\" content=\"Groupe Cap Vert\" \/>\n<meta property=\"article:published_time\" content=\"2024-05-06T17:00:38+00:00\" \/>\n<meta property=\"article:modified_time\" content=\"2024-09-03T08:30:43+00:00\" \/>\n<meta property=\"og:image\" content=\"https:\/\/groupe-capvert.com\/wp-content\/uploads\/2024\/05\/niche_eco.jpg\" \/>\n\t<meta property=\"og:image:width\" content=\"1280\" \/>\n\t<meta property=\"og:image:height\" content=\"853\" \/>\n\t<meta property=\"og:image:type\" content=\"image\/jpeg\" \/>\n<meta name=\"author\" content=\"facebook@charlieprod.com\" \/>\n<meta name=\"twitter:card\" content=\"summary_large_image\" \/>\n<meta name=\"twitter:label1\" content=\"Written by\" \/>\n\t<meta name=\"twitter:data1\" content=\"facebook@charlieprod.com\" \/>\n\t<meta name=\"twitter:label2\" content=\"Estimated reading time\" \/>\n\t<meta name=\"twitter:data2\" content=\"1 minute\" \/>\n<script type=\"application\/ld+json\" class=\"yoast-schema-graph\">{\"@context\":\"https:\/\/schema.org\",\"@graph\":[{\"@type\":\"Article\",\"@id\":\"https:\/\/groupe-capvert.com\/en\/niches-ecologiques-et-protection-de-la-faune\/#article\",\"isPartOf\":{\"@id\":\"https:\/\/groupe-capvert.com\/en\/niches-ecologiques-et-protection-de-la-faune\/\"},\"author\":{\"name\":\"facebook@charlieprod.com\",\"@id\":\"https:\/\/groupe-capvert.com\/#\/schema\/person\/8127f85624e30521ceb2aadf61fa91c2\"},\"headline\":\"Niches \u00e9cologiques et protection de la faune\",\"datePublished\":\"2024-05-06T17:00:38+00:00\",\"dateModified\":\"2024-09-03T08:30:43+00:00\",\"mainEntityOfPage\":{\"@id\":\"https:\/\/groupe-capvert.com\/en\/niches-ecologiques-et-protection-de-la-faune\/\"},\"wordCount\":106,\"publisher\":{\"@id\":\"https:\/\/groupe-capvert.com\/#organization\"},\"image\":{\"@id\":\"https:\/\/groupe-capvert.com\/en\/niches-ecologiques-et-protection-de-la-faune\/#primaryimage\"},\"thumbnailUrl\":\"https:\/\/groupe-capvert.com\/wp-content\/uploads\/2024\/05\/niche_eco.jpg\",\"articleSection\":[\"Environnementales\"],\"inLanguage\":\"en-GB\"},{\"@type\":\"WebPage\",\"@id\":\"https:\/\/groupe-capvert.com\/en\/niches-ecologiques-et-protection-de-la-faune\/\",\"url\":\"https:\/\/groupe-capvert.com\/en\/niches-ecologiques-et-protection-de-la-faune\/\",\"name\":\"Niches \u00e9cologiques et protection de la faune - Groupe Cap Vert\",\"isPartOf\":{\"@id\":\"https:\/\/groupe-capvert.com\/#website\"},\"primaryImageOfPage\":{\"@id\":\"https:\/\/groupe-capvert.com\/en\/niches-ecologiques-et-protection-de-la-faune\/#primaryimage\"},\"image\":{\"@id\":\"https:\/\/groupe-capvert.com\/en\/niches-ecologiques-et-protection-de-la-faune\/#primaryimage\"},\"thumbnailUrl\":\"https:\/\/groupe-capvert.com\/wp-content\/uploads\/2024\/05\/niche_eco.jpg\",\"datePublished\":\"2024-05-06T17:00:38+00:00\",\"dateModified\":\"2024-09-03T08:30:43+00:00\",\"breadcrumb\":{\"@id\":\"https:\/\/groupe-capvert.com\/en\/niches-ecologiques-et-protection-de-la-faune\/#breadcrumb\"},\"inLanguage\":\"en-GB\",\"potentialAction\":[{\"@type\":\"ReadAction\",\"target\":[\"https:\/\/groupe-capvert.com\/en\/niches-ecologiques-et-protection-de-la-faune\/\"]}]},{\"@type\":\"ImageObject\",\"inLanguage\":\"en-GB\",\"@id\":\"https:\/\/groupe-capvert.com\/en\/niches-ecologiques-et-protection-de-la-faune\/#primaryimage\",\"url\":\"https:\/\/groupe-capvert.com\/wp-content\/uploads\/2024\/05\/niche_eco.jpg\",\"contentUrl\":\"https:\/\/groupe-capvert.com\/wp-content\/uploads\/2024\/05\/niche_eco.jpg\",\"width\":1280,\"height\":853},{\"@type\":\"BreadcrumbList\",\"@id\":\"https:\/\/groupe-capvert.com\/en\/niches-ecologiques-et-protection-de-la-faune\/#breadcrumb\",\"itemListElement\":[{\"@type\":\"ListItem\",\"position\":1,\"name\":\"Accueil\",\"item\":\"https:\/\/groupe-capvert.com\/\"},{\"@type\":\"ListItem\",\"position\":2,\"name\":\"Nos activit\u00e9s\",\"item\":\"https:\/\/groupe-capvert.com\/category\/activites\/\"},{\"@type\":\"ListItem\",\"position\":3,\"name\":\"Environnementales\",\"item\":\"https:\/\/groupe-capvert.com\/category\/activites\/environnementales\/\"},{\"@type\":\"ListItem\",\"position\":4,\"name\":\"Niches \u00e9cologiques et protection de la faune\"}]},{\"@type\":\"WebSite\",\"@id\":\"https:\/\/groupe-capvert.com\/en\/#website\",\"url\":\"https:\/\/groupe-capvert.com\/en\/\",\"name\":\"Groupe Cap Vert\",\"description\":\"\",\"publisher\":{\"@id\":\"https:\/\/groupe-capvert.com\/en\/#organization\"},\"potentialAction\":[{\"@type\":\"SearchAction\",\"target\":{\"@type\":\"EntryPoint\",\"urlTemplate\":\"https:\/\/groupe-capvert.com\/en\/?s={search_term_string}\"},\"query-input\":{\"@type\":\"PropertyValueSpecification\",\"valueRequired\":true,\"valueName\":\"search_term_string\"}}],\"inLanguage\":\"en-GB\"},{\"@type\":\"Organization\",\"@id\":\"https:\/\/groupe-capvert.com\/en\/#organization\",\"name\":\"Groupe Cap Vert\",\"url\":\"https:\/\/groupe-capvert.com\/en\/\",\"logo\":{\"@type\":\"ImageObject\",\"inLanguage\":\"en-GB\",\"@id\":\"https:\/\/groupe-capvert.com\/en\/#\/schema\/logo\/image\/\",\"url\":\"https:\/\/groupe-capvert.com\/wp-content\/uploads\/2023\/10\/logo.png\",\"contentUrl\":\"https:\/\/groupe-capvert.com\/wp-content\/uploads\/2023\/10\/logo.png\",\"width\":763,\"height\":354,\"caption\":\"Groupe Cap Vert\"},\"image\":{\"@id\":\"https:\/\/groupe-capvert.com\/en\/#\/schema\/logo\/image\/\"},\"sameAs\":[\"https:\/\/www.linkedin.com\/company\/groupe-capvert\"]},{\"@type\":\"Person\",\"@id\":\"https:\/\/groupe-capvert.com\/#\/schema\/person\/8127f85624e30521ceb2aadf61fa91c2\",\"name\":\"facebook@charlieprod.com\",\"image\":{\"@type\":\"ImageObject\",\"inLanguage\":\"en-GB\",\"@id\":\"https:\/\/groupe-capvert.com\/#\/schema\/person\/image\/\",\"url\":\"https:\/\/secure.gravatar.com\/avatar\/2e99aba860097b9fabbce38241b1b0e1ba079875fff922ba488d6ae8789778f3?s=96&d=mm&r=g\",\"contentUrl\":\"https:\/\/secure.gravatar.com\/avatar\/2e99aba860097b9fabbce38241b1b0e1ba079875fff922ba488d6ae8789778f3?s=96&d=mm&r=g\",\"caption\":\"facebook@charlieprod.com\"},\"sameAs\":[\"https:\/\/groupe-capvert.com\"],\"url\":\"https:\/\/groupe-capvert.com\/en\/author\/facebookcharlieprod-com\/\"}]}<\/script>\n<!-- \/ Yoast SEO plugin. -->","yoast_head_json":{"title":"Niches \u00e9cologiques et protection de la faune","description":"Dans le cadre de notre engagement en faveur de la biodiversit\u00e9, nous cr\u00e9ons et entretenons des niches \u00e9cologiques pour prot\u00e9ger la faune locale. Ces espaces sp\u00e9cialement am\u00e9nag\u00e9s, comprenant des nichoirs, des \u00e9curoducs, des hibernaculums, des barrages \u00e0 batraciens, des garennes et bien d'autres, favorisent l'installation et le maintien des petits animaux en milieu urbain et&hellip;","robots":{"index":"index","follow":"follow","max-snippet":"max-snippet:-1","max-image-preview":"max-image-preview:large","max-video-preview":"max-video-preview:-1"},"canonical":"Dans le cadre de notre engagement en faveur de la biodiversit\u00e9, nous cr\u00e9ons et entretenons des niches \u00e9cologiques pour prot\u00e9ger la faune locale. Ces espaces sp\u00e9cialement am\u00e9nag\u00e9s, comprenant des nichoirs, des \u00e9curoducs, des hibernaculums, des barrages \u00e0 batraciens, des garennes et bien d'autres, favorisent l'installation et le maintien des petits animaux en milieu urbain et&hellip;","og_locale":"en_GB","og_type":"article","og_title":"Niches \u00e9cologiques et protection de la faune","og_description":"Dans le cadre de notre engagement en faveur de la biodiversit\u00e9, nous cr\u00e9ons et entretenons des niches \u00e9cologiques pour prot\u00e9ger la faune locale. Ces espaces sp\u00e9cialement am\u00e9nag\u00e9s, comprenant des nichoirs, des \u00e9curoducs, des hibernaculums, des barrages \u00e0 batraciens, des garennes et bien d'autres, favorisent l'installation et le maintien des petits animaux en milieu urbain et&hellip;","og_url":"https:\/\/groupe-capvert.com\/en\/niches-ecologiques-et-protection-de-la-faune\/","og_site_name":"Groupe Cap Vert","article_published_time":"2024-05-06T17:00:38+00:00","article_modified_time":"2024-09-03T08:30:43+00:00","og_image":[{"width":1280,"height":853,"url":"https:\/\/groupe-capvert.com\/wp-content\/uploads\/2024\/05\/niche_eco.jpg","type":"image\/jpeg"}],"author":"facebook@charlieprod.com","twitter_card":"summary_large_image","twitter_misc":{"Written by":"facebook@charlieprod.com","Estimated reading time":"1 minute"},"schema":{"@context":"https:\/\/schema.org","@graph":[{"@type":"Article","@id":"https:\/\/groupe-capvert.com\/en\/niches-ecologiques-et-protection-de-la-faune\/#article","isPartOf":{"@id":"https:\/\/groupe-capvert.com\/en\/niches-ecologiques-et-protection-de-la-faune\/"},"author":{"name":"facebook@charlieprod.com","@id":"https:\/\/groupe-capvert.com\/#\/schema\/person\/8127f85624e30521ceb2aadf61fa91c2"},"headline":"Niches \u00e9cologiques et protection de la faune","datePublished":"2024-05-06T17:00:38+00:00","dateModified":"2024-09-03T08:30:43+00:00","mainEntityOfPage":{"@id":"https:\/\/groupe-capvert.com\/en\/niches-ecologiques-et-protection-de-la-faune\/"},"wordCount":106,"publisher":{"@id":"https:\/\/groupe-capvert.com\/#organization"},"image":{"@id":"https:\/\/groupe-capvert.com\/en\/niches-ecologiques-et-protection-de-la-faune\/#primaryimage"},"thumbnailUrl":"https:\/\/groupe-capvert.com\/wp-content\/uploads\/2024\/05\/niche_eco.jpg","articleSection":["Environnementales"],"inLanguage":"en-GB"},{"@type":"WebPage","@id":"https:\/\/groupe-capvert.com\/en\/niches-ecologiques-et-protection-de-la-faune\/","url":"https:\/\/groupe-capvert.com\/en\/niches-ecologiques-et-protection-de-la-faune\/","name":"Niches \u00e9cologiques et protection de la faune - Groupe Cap Vert","isPartOf":{"@id":"https:\/\/groupe-capvert.com\/#website"},"primaryImageOfPage":{"@id":"https:\/\/groupe-capvert.com\/en\/niches-ecologiques-et-protection-de-la-faune\/#primaryimage"},"image":{"@id":"https:\/\/groupe-capvert.com\/en\/niches-ecologiques-et-protection-de-la-faune\/#primaryimage"},"thumbnailUrl":"https:\/\/groupe-capvert.com\/wp-content\/uploads\/2024\/05\/niche_eco.jpg","datePublished":"2024-05-06T17:00:38+00:00","dateModified":"2024-09-03T08:30:43+00:00","breadcrumb":{"@id":"https:\/\/groupe-capvert.com\/en\/niches-ecologiques-et-protection-de-la-faune\/#breadcrumb"},"inLanguage":"en-GB","potentialAction":[{"@type":"ReadAction","target":["https:\/\/groupe-capvert.com\/en\/niches-ecologiques-et-protection-de-la-faune\/"]}]},{"@type":"ImageObject","inLanguage":"en-GB","@id":"https:\/\/groupe-capvert.com\/en\/niches-ecologiques-et-protection-de-la-faune\/#primaryimage","url":"https:\/\/groupe-capvert.com\/wp-content\/uploads\/2024\/05\/niche_eco.jpg","contentUrl":"https:\/\/groupe-capvert.com\/wp-content\/uploads\/2024\/05\/niche_eco.jpg","width":1280,"height":853},{"@type":"BreadcrumbList","@id":"https:\/\/groupe-capvert.com\/en\/niches-ecologiques-et-protection-de-la-faune\/#breadcrumb","itemListElement":[{"@type":"ListItem","position":1,"name":"Accueil","item":"https:\/\/groupe-capvert.com\/"},{"@type":"ListItem","position":2,"name":"Nos activit\u00e9s","item":"https:\/\/groupe-capvert.com\/category\/activites\/"},{"@type":"ListItem","position":3,"name":"Environnementales","item":"https:\/\/groupe-capvert.com\/category\/activites\/environnementales\/"},{"@type":"ListItem","position":4,"name":"Niches \u00e9cologiques et protection de la faune"}]},{"@type":"WebSite","@id":"https:\/\/groupe-capvert.com\/en\/#website","url":"https:\/\/groupe-capvert.com\/en\/","name":"Groupe Cap Vert","description":"","publisher":{"@id":"https:\/\/groupe-capvert.com\/en\/#organization"},"potentialAction":[{"@type":"SearchAction","target":{"@type":"EntryPoint","urlTemplate":"https:\/\/groupe-capvert.com\/en\/?s={search_term_string}"},"query-input":{"@type":"PropertyValueSpecification","valueRequired":true,"valueName":"search_term_string"}}],"inLanguage":"en-GB"},{"@type":"Organization","@id":"https:\/\/groupe-capvert.com\/en\/#organization","name":"Groupe Cap Vert","url":"https:\/\/groupe-capvert.com\/en\/","logo":{"@type":"ImageObject","inLanguage":"en-GB","@id":"https:\/\/groupe-capvert.com\/en\/#\/schema\/logo\/image\/","url":"https:\/\/groupe-capvert.com\/wp-content\/uploads\/2023\/10\/logo.png","contentUrl":"https:\/\/groupe-capvert.com\/wp-content\/uploads\/2023\/10\/logo.png","width":763,"height":354,"caption":"Groupe Cap Vert"},"image":{"@id":"https:\/\/groupe-capvert.com\/en\/#\/schema\/logo\/image\/"},"sameAs":["https:\/\/www.linkedin.com\/company\/groupe-capvert"]},{"@type":"Person","@id":"https:\/\/groupe-capvert.com\/#\/schema\/person\/8127f85624e30521ceb2aadf61fa91c2","name":"facebook@charlieprod.com","image":{"@type":"ImageObject","inLanguage":"en-GB","@id":"https:\/\/groupe-capvert.com\/#\/schema\/person\/image\/","url":"https:\/\/secure.gravatar.com\/avatar\/2e99aba860097b9fabbce38241b1b0e1ba079875fff922ba488d6ae8789778f3?s=96&d=mm&r=g","contentUrl":"https:\/\/secure.gravatar.com\/avatar\/2e99aba860097b9fabbce38241b1b0e1ba079875fff922ba488d6ae8789778f3?s=96&d=mm&r=g","caption":"facebook@charlieprod.com"},"sameAs":["https:\/\/groupe-capvert.com"],"url":"https:\/\/groupe-capvert.com\/en\/author\/facebookcharlieprod-com\/"}]}},"parent_category":null,"child_category":null,"child_slug":null,"_links":{"self":[{"href":"https:\/\/groupe-capvert.com\/en\/wp-json\/wp\/v2\/posts\/4755","targetHints":{"allow":["GET"]}}],"collection":[{"href":"https:\/\/groupe-capvert.com\/en\/wp-json\/wp\/v2\/posts"}],"about":[{"href":"https:\/\/groupe-capvert.com\/en\/wp-json\/wp\/v2\/types\/post"}],"author":[{"embeddable":true,"href":"https:\/\/groupe-capvert.com\/en\/wp-json\/wp\/v2\/users\/1"}],"replies":[{"embeddable":true,"href":"https:\/\/groupe-capvert.com\/en\/wp-json\/wp\/v2\/comments?post=4755"}],"version-history":[{"count":5,"href":"https:\/\/groupe-capvert.com\/en\/wp-json\/wp\/v2\/posts\/4755\/revisions"}],"predecessor-version":[{"id":6179,"href":"https:\/\/groupe-capvert.com\/en\/wp-json\/wp\/v2\/posts\/4755\/revisions\/6179"}],"wp:featuredmedia":[{"embeddable":true,"href":"https:\/\/groupe-capvert.com\/en\/wp-json\/wp\/v2\/media\/6359"}],"wp:attachment":[{"href":"https:\/\/groupe-capvert.com\/en\/wp-json\/wp\/v2\/media?parent=4755"}],"wp:term":[{"taxonomy":"category","embeddable":true,"href":"https:\/\/groupe-capvert.com\/en\/wp-json\/wp\/v2\/categories?post=4755"},{"taxonomy":"post_tag","embeddable":true,"href":"https:\/\/groupe-capvert.com\/en\/wp-json\/wp\/v2\/tags?post=4755"}],"curies":[{"name":"wp","href":"https:\/\/api.w.org\/{rel}","templated":true}]}}