{"id":4727,"date":"2024-05-06T20:33:00","date_gmt":"2024-05-06T18:33:00","guid":{"rendered":"https:\/\/groupe-capvert.com\/?p=4727"},"modified":"2025-02-03T12:09:44","modified_gmt":"2025-02-03T11:09:44","slug":"taille-et-soins-des-arbres","status":"publish","type":"post","link":"https:\/\/groupe-capvert.com\/de\/taille-et-soins-des-arbres\/","title":{"rendered":"Taille et soins des arbres"},"content":{"rendered":"\n<p><strong>La taille et les soins des arbres sont des pratiques essentielles pour assurer la survie des arbres dans un environnement urbain. Ces interventions visent \u00e0 maintenant un \u00e9quilibre entre la croissance naturelle des arbres et les besoins de la ville.<\/strong><br><br><\/p>\n\n\n\n<p>Notre expertise repose sur une connaissance approfondie du fonctionnement des arbres, de leur biologie et des actions \u00e0 entreprendre dans le temps pour les accompagner au mieux. Nous proposons des pratiques de taille sur mesure, adapt\u00e9es aux sp\u00e9cificit\u00e9s de chaque arbre et de son environnement. Nos \u00e9quipes de sp\u00e9cialistes veillent \u00e0 minimiser l\u2019impact sur l\u2019arbre en respectant les contraintes impos\u00e9es. La fragilit\u00e9 de l&#8217;arbre n\u00e9cessite une vigilance constante, et c&#8217;est pourquoi nous r\u00e9alisons une surveillance sanitaire r\u00e9guli\u00e8re. Notre approche proactive inclut l\u2019a\u00e9ration du sol, la fertilisation et le traitement biocontr\u00f4le, garantissant ainsi la r\u00e9silience de la v\u00e9g\u00e9tation face aux stress environnementaux.<br><br><\/p>\n\n\n\n<p>Nous privil\u00e9gions des techniques respectueuses de l\u2019environnement et des m\u00e9thodes durables pour assurer la p\u00e9rennit\u00e9 des arbres et la qualit\u00e9 de leur environnement.<\/p>\n","protected":false},"excerpt":{"rendered":"<p>La taille et les soins des arbres sont des pratiques essentielles pour assurer la survie des arbres dans un environnement urbain. Ces interventions visent \u00e0 maintenant un \u00e9quilibre entre la croissance naturelle des arbres et les besoins de la ville. Notre expertise repose sur une connaissance approfondie du fonctionnement des arbres, de leur biologie et [&hellip;]<\/p>\n","protected":false},"author":1,"featured_media":6340,"comment_status":"closed","ping_status":"open","sticky":false,"template":"","format":"standard","meta":{"_acf_changed":false,"footnotes":""},"categories":[21],"tags":[],"class_list":["post-4727","post","type-post","status-publish","format-standard","has-post-thumbnail","hentry","category-amenagements-urbains"],"acf":{"photo_gallery":{"gallery":[[]]}},"yoast_head":"<!-- This site is optimized with the Yoast SEO plugin v26.8 - https:\/\/yoast.com\/product\/yoast-seo-wordpress\/ -->\n<title>Taille et soins des arbres<\/title>\n<meta name=\"description\" content=\"La taille et les soins des arbres sont des pratiques essentielles pour assurer la survie des arbres dans un environnement urbain. Ces interventions visent \u00e0 maintenant un \u00e9quilibre entre la croissance naturelle des arbres et les besoins de la ville. Notre expertise repose sur une connaissance approfondie du fonctionnement des arbres, de leur biologie et&hellip;\" \/>\n<meta name=\"robots\" content=\"index, follow, max-snippet:-1, max-image-preview:large, max-video-preview:-1\" \/>\n<link rel=\"canonical\" href=\"http:\/\/La%20taille%20et%20les%20soins%20des%20arbres%20sont%20des%20pratiques%20essentielles%20pour%20assurer%20la%20survie%20des%20arbres%20dans%20un%20environnement%20urbain.%20Ces%20interventions%20visent%20\u00e0%20maintenant%20un%20\u00e9quilibre%20entre%20la%20croissance%20naturelle%20des%20arbres%20et%20les%20besoins%20de%20la%20ville.%20Notre%20expertise%20repose%20sur%20une%20connaissance%20approfondie%20du%20fonctionnement%20des%20arbres,%20de%20leur%20biologie%20et&hellip;\" \/>\n<meta property=\"og:locale\" content=\"de_DE\" \/>\n<meta property=\"og:type\" content=\"article\" \/>\n<meta property=\"og:title\" content=\"Taille et soins des arbres\" \/>\n<meta property=\"og:description\" content=\"La taille et les soins des arbres sont des pratiques essentielles pour assurer la survie des arbres dans un environnement urbain. Ces interventions visent \u00e0 maintenant un \u00e9quilibre entre la croissance naturelle des arbres et les besoins de la ville. Notre expertise repose sur une connaissance approfondie du fonctionnement des arbres, de leur biologie et&hellip;\" \/>\n<meta property=\"og:url\" content=\"https:\/\/groupe-capvert.com\/de\/taille-et-soins-des-arbres\/\" \/>\n<meta property=\"og:site_name\" content=\"Groupe Cap Vert\" \/>\n<meta property=\"article:published_time\" content=\"2024-05-06T18:33:00+00:00\" \/>\n<meta property=\"article:modified_time\" content=\"2025-02-03T11:09:44+00:00\" \/>\n<meta property=\"og:image\" content=\"https:\/\/groupe-capvert.com\/wp-content\/uploads\/2024\/05\/taille_et_soins-1617x1080.jpg\" \/>\n\t<meta property=\"og:image:width\" content=\"1617\" \/>\n\t<meta property=\"og:image:height\" content=\"1080\" \/>\n\t<meta property=\"og:image:type\" content=\"image\/jpeg\" \/>\n<meta name=\"author\" content=\"facebook@charlieprod.com\" \/>\n<meta name=\"twitter:card\" content=\"summary_large_image\" \/>\n<meta name=\"twitter:label1\" content=\"Verfasst von\" \/>\n\t<meta name=\"twitter:data1\" content=\"facebook@charlieprod.com\" \/>\n\t<meta name=\"twitter:label2\" content=\"Gesch\u00e4tzte Lesezeit\" \/>\n\t<meta name=\"twitter:data2\" content=\"2\u00a0Minuten\" \/>\n<script type=\"application\/ld+json\" class=\"yoast-schema-graph\">{\"@context\":\"https:\/\/schema.org\",\"@graph\":[{\"@type\":\"Article\",\"@id\":\"https:\/\/groupe-capvert.com\/de\/taille-et-soins-des-arbres\/#article\",\"isPartOf\":{\"@id\":\"https:\/\/groupe-capvert.com\/de\/taille-et-soins-des-arbres\/\"},\"author\":{\"name\":\"facebook@charlieprod.com\",\"@id\":\"https:\/\/groupe-capvert.com\/#\/schema\/person\/8127f85624e30521ceb2aadf61fa91c2\"},\"headline\":\"Taille et soins des arbres\",\"datePublished\":\"2024-05-06T18:33:00+00:00\",\"dateModified\":\"2025-02-03T11:09:44+00:00\",\"mainEntityOfPage\":{\"@id\":\"https:\/\/groupe-capvert.com\/de\/taille-et-soins-des-arbres\/\"},\"wordCount\":189,\"publisher\":{\"@id\":\"https:\/\/groupe-capvert.com\/#organization\"},\"image\":{\"@id\":\"https:\/\/groupe-capvert.com\/de\/taille-et-soins-des-arbres\/#primaryimage\"},\"thumbnailUrl\":\"https:\/\/groupe-capvert.com\/wp-content\/uploads\/2024\/05\/taille_et_soins.jpg\",\"articleSection\":[\"Am\u00e9nagements urbains\"],\"inLanguage\":\"de\"},{\"@type\":\"WebPage\",\"@id\":\"https:\/\/groupe-capvert.com\/de\/taille-et-soins-des-arbres\/\",\"url\":\"https:\/\/groupe-capvert.com\/de\/taille-et-soins-des-arbres\/\",\"name\":\"Taille et soins des arbres - Groupe Cap Vert\",\"isPartOf\":{\"@id\":\"https:\/\/groupe-capvert.com\/#website\"},\"primaryImageOfPage\":{\"@id\":\"https:\/\/groupe-capvert.com\/de\/taille-et-soins-des-arbres\/#primaryimage\"},\"image\":{\"@id\":\"https:\/\/groupe-capvert.com\/de\/taille-et-soins-des-arbres\/#primaryimage\"},\"thumbnailUrl\":\"https:\/\/groupe-capvert.com\/wp-content\/uploads\/2024\/05\/taille_et_soins.jpg\",\"datePublished\":\"2024-05-06T18:33:00+00:00\",\"dateModified\":\"2025-02-03T11:09:44+00:00\",\"breadcrumb\":{\"@id\":\"https:\/\/groupe-capvert.com\/de\/taille-et-soins-des-arbres\/#breadcrumb\"},\"inLanguage\":\"de\",\"potentialAction\":[{\"@type\":\"ReadAction\",\"target\":[\"https:\/\/groupe-capvert.com\/de\/taille-et-soins-des-arbres\/\"]}]},{\"@type\":\"ImageObject\",\"inLanguage\":\"de\",\"@id\":\"https:\/\/groupe-capvert.com\/de\/taille-et-soins-des-arbres\/#primaryimage\",\"url\":\"https:\/\/groupe-capvert.com\/wp-content\/uploads\/2024\/05\/taille_et_soins.jpg\",\"contentUrl\":\"https:\/\/groupe-capvert.com\/wp-content\/uploads\/2024\/05\/taille_et_soins.jpg\",\"width\":1920,\"height\":1282},{\"@type\":\"BreadcrumbList\",\"@id\":\"https:\/\/groupe-capvert.com\/de\/taille-et-soins-des-arbres\/#breadcrumb\",\"itemListElement\":[{\"@type\":\"ListItem\",\"position\":1,\"name\":\"Accueil\",\"item\":\"https:\/\/groupe-capvert.com\/\"},{\"@type\":\"ListItem\",\"position\":2,\"name\":\"Nos activit\u00e9s\",\"item\":\"https:\/\/groupe-capvert.com\/category\/activites\/\"},{\"@type\":\"ListItem\",\"position\":3,\"name\":\"Am\u00e9nagements urbains\",\"item\":\"https:\/\/groupe-capvert.com\/category\/activites\/amenagements-urbains\/\"},{\"@type\":\"ListItem\",\"position\":4,\"name\":\"Taille et soins des arbres\"}]},{\"@type\":\"WebSite\",\"@id\":\"https:\/\/groupe-capvert.com\/de\/#website\",\"url\":\"https:\/\/groupe-capvert.com\/de\/\",\"name\":\"Groupe Cap Vert\",\"description\":\"\",\"publisher\":{\"@id\":\"https:\/\/groupe-capvert.com\/de\/#organization\"},\"potentialAction\":[{\"@type\":\"SearchAction\",\"target\":{\"@type\":\"EntryPoint\",\"urlTemplate\":\"https:\/\/groupe-capvert.com\/de\/?s={search_term_string}\"},\"query-input\":{\"@type\":\"PropertyValueSpecification\",\"valueRequired\":true,\"valueName\":\"search_term_string\"}}],\"inLanguage\":\"de\"},{\"@type\":\"Organization\",\"@id\":\"https:\/\/groupe-capvert.com\/de\/#organization\",\"name\":\"Groupe Cap Vert\",\"url\":\"https:\/\/groupe-capvert.com\/de\/\",\"logo\":{\"@type\":\"ImageObject\",\"inLanguage\":\"de\",\"@id\":\"https:\/\/groupe-capvert.com\/de\/#\/schema\/logo\/image\/\",\"url\":\"https:\/\/groupe-capvert.com\/wp-content\/uploads\/2023\/10\/logo.png\",\"contentUrl\":\"https:\/\/groupe-capvert.com\/wp-content\/uploads\/2023\/10\/logo.png\",\"width\":763,\"height\":354,\"caption\":\"Groupe Cap Vert\"},\"image\":{\"@id\":\"https:\/\/groupe-capvert.com\/de\/#\/schema\/logo\/image\/\"},\"sameAs\":[\"https:\/\/www.linkedin.com\/company\/groupe-capvert\"]},{\"@type\":\"Person\",\"@id\":\"https:\/\/groupe-capvert.com\/#\/schema\/person\/8127f85624e30521ceb2aadf61fa91c2\",\"name\":\"facebook@charlieprod.com\",\"image\":{\"@type\":\"ImageObject\",\"inLanguage\":\"de\",\"@id\":\"https:\/\/groupe-capvert.com\/#\/schema\/person\/image\/\",\"url\":\"https:\/\/secure.gravatar.com\/avatar\/2e99aba860097b9fabbce38241b1b0e1ba079875fff922ba488d6ae8789778f3?s=96&d=mm&r=g\",\"contentUrl\":\"https:\/\/secure.gravatar.com\/avatar\/2e99aba860097b9fabbce38241b1b0e1ba079875fff922ba488d6ae8789778f3?s=96&d=mm&r=g\",\"caption\":\"facebook@charlieprod.com\"},\"sameAs\":[\"https:\/\/groupe-capvert.com\"],\"url\":\"https:\/\/groupe-capvert.com\/de\/author\/facebookcharlieprod-com\/\"}]}<\/script>\n<!-- \/ Yoast SEO plugin. -->","yoast_head_json":{"title":"Taille et soins des arbres","description":"La taille et les soins des arbres sont des pratiques essentielles pour assurer la survie des arbres dans un environnement urbain. Ces interventions visent \u00e0 maintenant un \u00e9quilibre entre la croissance naturelle des arbres et les besoins de la ville. Notre expertise repose sur une connaissance approfondie du fonctionnement des arbres, de leur biologie et&hellip;","robots":{"index":"index","follow":"follow","max-snippet":"max-snippet:-1","max-image-preview":"max-image-preview:large","max-video-preview":"max-video-preview:-1"},"canonical":"La taille et les soins des arbres sont des pratiques essentielles pour assurer la survie des arbres dans un environnement urbain. Ces interventions visent \u00e0 maintenant un \u00e9quilibre entre la croissance naturelle des arbres et les besoins de la ville. Notre expertise repose sur une connaissance approfondie du fonctionnement des arbres, de leur biologie et&hellip;","og_locale":"de_DE","og_type":"article","og_title":"Taille et soins des arbres","og_description":"La taille et les soins des arbres sont des pratiques essentielles pour assurer la survie des arbres dans un environnement urbain. Ces interventions visent \u00e0 maintenant un \u00e9quilibre entre la croissance naturelle des arbres et les besoins de la ville. Notre expertise repose sur une connaissance approfondie du fonctionnement des arbres, de leur biologie et&hellip;","og_url":"https:\/\/groupe-capvert.com\/de\/taille-et-soins-des-arbres\/","og_site_name":"Groupe Cap Vert","article_published_time":"2024-05-06T18:33:00+00:00","article_modified_time":"2025-02-03T11:09:44+00:00","og_image":[{"width":1617,"height":1080,"url":"https:\/\/groupe-capvert.com\/wp-content\/uploads\/2024\/05\/taille_et_soins-1617x1080.jpg","type":"image\/jpeg"}],"author":"facebook@charlieprod.com","twitter_card":"summary_large_image","twitter_misc":{"Verfasst von":"facebook@charlieprod.com","Gesch\u00e4tzte Lesezeit":"2\u00a0Minuten"},"schema":{"@context":"https:\/\/schema.org","@graph":[{"@type":"Article","@id":"https:\/\/groupe-capvert.com\/de\/taille-et-soins-des-arbres\/#article","isPartOf":{"@id":"https:\/\/groupe-capvert.com\/de\/taille-et-soins-des-arbres\/"},"author":{"name":"facebook@charlieprod.com","@id":"https:\/\/groupe-capvert.com\/#\/schema\/person\/8127f85624e30521ceb2aadf61fa91c2"},"headline":"Taille et soins des arbres","datePublished":"2024-05-06T18:33:00+00:00","dateModified":"2025-02-03T11:09:44+00:00","mainEntityOfPage":{"@id":"https:\/\/groupe-capvert.com\/de\/taille-et-soins-des-arbres\/"},"wordCount":189,"publisher":{"@id":"https:\/\/groupe-capvert.com\/#organization"},"image":{"@id":"https:\/\/groupe-capvert.com\/de\/taille-et-soins-des-arbres\/#primaryimage"},"thumbnailUrl":"https:\/\/groupe-capvert.com\/wp-content\/uploads\/2024\/05\/taille_et_soins.jpg","articleSection":["Am\u00e9nagements urbains"],"inLanguage":"de"},{"@type":"WebPage","@id":"https:\/\/groupe-capvert.com\/de\/taille-et-soins-des-arbres\/","url":"https:\/\/groupe-capvert.com\/de\/taille-et-soins-des-arbres\/","name":"Taille et soins des arbres - Groupe Cap Vert","isPartOf":{"@id":"https:\/\/groupe-capvert.com\/#website"},"primaryImageOfPage":{"@id":"https:\/\/groupe-capvert.com\/de\/taille-et-soins-des-arbres\/#primaryimage"},"image":{"@id":"https:\/\/groupe-capvert.com\/de\/taille-et-soins-des-arbres\/#primaryimage"},"thumbnailUrl":"https:\/\/groupe-capvert.com\/wp-content\/uploads\/2024\/05\/taille_et_soins.jpg","datePublished":"2024-05-06T18:33:00+00:00","dateModified":"2025-02-03T11:09:44+00:00","breadcrumb":{"@id":"https:\/\/groupe-capvert.com\/de\/taille-et-soins-des-arbres\/#breadcrumb"},"inLanguage":"de","potentialAction":[{"@type":"ReadAction","target":["https:\/\/groupe-capvert.com\/de\/taille-et-soins-des-arbres\/"]}]},{"@type":"ImageObject","inLanguage":"de","@id":"https:\/\/groupe-capvert.com\/de\/taille-et-soins-des-arbres\/#primaryimage","url":"https:\/\/groupe-capvert.com\/wp-content\/uploads\/2024\/05\/taille_et_soins.jpg","contentUrl":"https:\/\/groupe-capvert.com\/wp-content\/uploads\/2024\/05\/taille_et_soins.jpg","width":1920,"height":1282},{"@type":"BreadcrumbList","@id":"https:\/\/groupe-capvert.com\/de\/taille-et-soins-des-arbres\/#breadcrumb","itemListElement":[{"@type":"ListItem","position":1,"name":"Accueil","item":"https:\/\/groupe-capvert.com\/"},{"@type":"ListItem","position":2,"name":"Nos activit\u00e9s","item":"https:\/\/groupe-capvert.com\/category\/activites\/"},{"@type":"ListItem","position":3,"name":"Am\u00e9nagements urbains","item":"https:\/\/groupe-capvert.com\/category\/activites\/amenagements-urbains\/"},{"@type":"ListItem","position":4,"name":"Taille et soins des arbres"}]},{"@type":"WebSite","@id":"https:\/\/groupe-capvert.com\/de\/#website","url":"https:\/\/groupe-capvert.com\/de\/","name":"Groupe Cap Vert","description":"","publisher":{"@id":"https:\/\/groupe-capvert.com\/de\/#organization"},"potentialAction":[{"@type":"SearchAction","target":{"@type":"EntryPoint","urlTemplate":"https:\/\/groupe-capvert.com\/de\/?s={search_term_string}"},"query-input":{"@type":"PropertyValueSpecification","valueRequired":true,"valueName":"search_term_string"}}],"inLanguage":"de"},{"@type":"Organization","@id":"https:\/\/groupe-capvert.com\/de\/#organization","name":"Groupe Cap Vert","url":"https:\/\/groupe-capvert.com\/de\/","logo":{"@type":"ImageObject","inLanguage":"de","@id":"https:\/\/groupe-capvert.com\/de\/#\/schema\/logo\/image\/","url":"https:\/\/groupe-capvert.com\/wp-content\/uploads\/2023\/10\/logo.png","contentUrl":"https:\/\/groupe-capvert.com\/wp-content\/uploads\/2023\/10\/logo.png","width":763,"height":354,"caption":"Groupe Cap Vert"},"image":{"@id":"https:\/\/groupe-capvert.com\/de\/#\/schema\/logo\/image\/"},"sameAs":["https:\/\/www.linkedin.com\/company\/groupe-capvert"]},{"@type":"Person","@id":"https:\/\/groupe-capvert.com\/#\/schema\/person\/8127f85624e30521ceb2aadf61fa91c2","name":"facebook@charlieprod.com","image":{"@type":"ImageObject","inLanguage":"de","@id":"https:\/\/groupe-capvert.com\/#\/schema\/person\/image\/","url":"https:\/\/secure.gravatar.com\/avatar\/2e99aba860097b9fabbce38241b1b0e1ba079875fff922ba488d6ae8789778f3?s=96&d=mm&r=g","contentUrl":"https:\/\/secure.gravatar.com\/avatar\/2e99aba860097b9fabbce38241b1b0e1ba079875fff922ba488d6ae8789778f3?s=96&d=mm&r=g","caption":"facebook@charlieprod.com"},"sameAs":["https:\/\/groupe-capvert.com"],"url":"https:\/\/groupe-capvert.com\/de\/author\/facebookcharlieprod-com\/"}]}},"parent_category":null,"child_category":null,"child_slug":null,"_links":{"self":[{"href":"https:\/\/groupe-capvert.com\/de\/wp-json\/wp\/v2\/posts\/4727","targetHints":{"allow":["GET"]}}],"collection":[{"href":"https:\/\/groupe-capvert.com\/de\/wp-json\/wp\/v2\/posts"}],"about":[{"href":"https:\/\/groupe-capvert.com\/de\/wp-json\/wp\/v2\/types\/post"}],"author":[{"embeddable":true,"href":"https:\/\/groupe-capvert.com\/de\/wp-json\/wp\/v2\/users\/1"}],"replies":[{"embeddable":true,"href":"https:\/\/groupe-capvert.com\/de\/wp-json\/wp\/v2\/comments?post=4727"}],"version-history":[{"count":14,"href":"https:\/\/groupe-capvert.com\/de\/wp-json\/wp\/v2\/posts\/4727\/revisions"}],"predecessor-version":[{"id":8024,"href":"https:\/\/groupe-capvert.com\/de\/wp-json\/wp\/v2\/posts\/4727\/revisions\/8024"}],"wp:featuredmedia":[{"embeddable":true,"href":"https:\/\/groupe-capvert.com\/de\/wp-json\/wp\/v2\/media\/6340"}],"wp:attachment":[{"href":"https:\/\/groupe-capvert.com\/de\/wp-json\/wp\/v2\/media?parent=4727"}],"wp:term":[{"taxonomy":"category","embeddable":true,"href":"https:\/\/groupe-capvert.com\/de\/wp-json\/wp\/v2\/categories?post=4727"},{"taxonomy":"post_tag","embeddable":true,"href":"https:\/\/groupe-capvert.com\/de\/wp-json\/wp\/v2\/tags?post=4727"}],"curies":[{"name":"wp","href":"https:\/\/api.w.org\/{rel}","templated":true}]}}